{"id":464,"date":"2023-01-21T22:11:00","date_gmt":"2023-01-21T21:11:00","guid":{"rendered":"http:\/\/www.junak.bludov.cz\/?p=464"},"modified":"2023-01-12T22:11:52","modified_gmt":"2023-01-12T21:11:52","slug":"lyze","status":"publish","type":"post","link":"https:\/\/junak.bludov.cz\/?p=464","title":{"rendered":"Ly\u017ee"},"content":{"rendered":"\n<p>sobota 21. ledna 2023 &#8211; skauti, skautky, vl\u010data, sv\u011btlu\u0161ky<\/p>\n\n\n\n<p>Rr\u00e1di bychom v lednu vyjeli na sjezdovky. Pl\u00e1nujeme vyrazit tentokr\u00e1t do v\u011bt\u0161\u00edho st\u0159ediska a to na Ski are\u00e1l Kr\u00e1li\u010d\u00e1k. Akce by prob\u011bhla formou odd\u00edlo-rodinn\u00e9 akce. <\/p>\n\n\n\n<p>Abychom se tam dostali, mohli vz\u00edt i vl\u010data a sv\u011btlu\u0161ky a zvl\u00e1dli d\u011bti na sjezdovce trochu pohl\u00eddat, jev\u00ed se jako ide\u00e1ln\u00ed varianta, kdy\u017e pojedeme s n\u011bkter\u00fdmi rodi\u010di, kte\u0159\u00ed si tak\u00e9 r\u00e1di zaly\u017euj\u00ed. P\u0159\u00edtomnost rodi\u010d\u016f nen\u00ed podm\u00ednkou, pokud v\u0161ak v\u00edte, \u017ee Va\u0161e d\u00edt\u011b je za\u010d\u00e1te\u010dn\u00edk a nen\u00ed schopno jezdit \u010d\u00e1ste\u010dn\u011b samo (zvl\u00e1dne sjet kopec), ur\u010dit\u011b pros\u00edm v p\u0159\u00edpad\u011b z\u00e1jmu poje\u010fte s n\u00e1mi.<br>Vyj\u00ed\u017ed\u011bli bychom v 7.30 od klubovny, a ly\u017eovali bychom asi 3 &#8211; 4 hodiny. Samoz\u0159ejm\u011b bude na V\u00e1s rodi\u010d\u00edch, jestli budete cht\u00edt odjet d\u0159\u00edve nebo z\u016fstat d\u00e9le.<br>O pr\u016fb\u011bhu akce, p\u0159ihl\u00e1\u0161en\u00ed na akci a mo\u017enosti vyu\u017eit\u00ed skupinov\u00fdch slev V\u00e1s bude je\u0161t\u011b v nejbli\u017e\u0161\u00ed dob\u011b informovat n\u00e1\u0161 zku\u0161en\u00fd vedouc\u00ed, kter\u00fd m\u00e1 akci na starost, \u0160imon Kundrata.<\/p>\n","protected":false},"excerpt":{"rendered":"<p>sobota 21. ledna 2023 &#8211; skauti, skautky, vl\u010data, sv\u011btlu\u0161ky Rr\u00e1di bychom v lednu vyjeli na sjezdovky. Pl\u00e1nujeme vyrazit tentokr\u00e1t do v\u011bt\u0161\u00edho st\u0159ediska a to na Ski are\u00e1l Kr\u00e1li\u010d\u00e1k. Akce by prob\u011bhla formou odd\u00edlo-rodinn\u00e9 akce. Abychom se tam dostali, mohli vz\u00edt i vl\u010data a sv\u011btlu\u0161ky a zvl\u00e1dli d\u011bti na sjezdovce trochu pohl\u00eddat, jev\u00ed se jako ide\u00e1ln\u00ed [&hellip;]<\/p>\n","protected":false},"author":1,"featured_media":465,"comment_status":"open","ping_status":"open","sticky":false,"template":"","format":"standard","meta":{"footnotes":""},"categories":[1],"tags":[],"class_list":{"0":"post-464","1":"post","2":"type-post","3":"status-publish","4":"format-standard","5":"has-post-thumbnail","7":"category-nezarazene"},"_links":{"self":[{"href":"https:\/\/junak.bludov.cz\/index.php?rest_route=\/wp\/v2\/posts\/464","targetHints":{"allow":["GET"]}}],"collection":[{"href":"https:\/\/junak.bludov.cz\/index.php?rest_route=\/wp\/v2\/posts"}],"about":[{"href":"https:\/\/junak.bludov.cz\/index.php?rest_route=\/wp\/v2\/types\/post"}],"author":[{"embeddable":true,"href":"https:\/\/junak.bludov.cz\/index.php?rest_route=\/wp\/v2\/users\/1"}],"replies":[{"embeddable":true,"href":"https:\/\/junak.bludov.cz\/index.php?rest_route=%2Fwp%2Fv2%2Fcomments&post=464"}],"version-history":[{"count":1,"href":"https:\/\/junak.bludov.cz\/index.php?rest_route=\/wp\/v2\/posts\/464\/revisions"}],"predecessor-version":[{"id":466,"href":"https:\/\/junak.bludov.cz\/index.php?rest_route=\/wp\/v2\/posts\/464\/revisions\/466"}],"wp:featuredmedia":[{"embeddable":true,"href":"https:\/\/junak.bludov.cz\/index.php?rest_route=\/wp\/v2\/media\/465"}],"wp:attachment":[{"href":"https:\/\/junak.bludov.cz\/index.php?rest_route=%2Fwp%2Fv2%2Fmedia&parent=464"}],"wp:term":[{"taxonomy":"category","embeddable":true,"href":"https:\/\/junak.bludov.cz\/index.php?rest_route=%2Fwp%2Fv2%2Fcategories&post=464"},{"taxonomy":"post_tag","embeddable":true,"href":"https:\/\/junak.bludov.cz\/index.php?rest_route=%2Fwp%2Fv2%2Ftags&post=464"}],"curies":[{"name":"wp","href":"https:\/\/api.w.org\/{rel}","templated":true}]}}