{"id":468,"date":"2023-02-11T08:30:00","date_gmt":"2023-02-11T07:30:00","guid":{"rendered":"http:\/\/www.junak.bludov.cz\/?p=468"},"modified":"2023-02-09T15:29:05","modified_gmt":"2023-02-09T14:29:05","slug":"vareni-na-snehu","status":"publish","type":"post","link":"https:\/\/junak.bludov.cz\/?p=468","title":{"rendered":"Va\u0159en\u00ed na sn\u011bhu"},"content":{"rendered":"\n<p><em>sobota 11. \u00fanora 2023 <br>skauti, skautky, vl\u010data, sv\u011btlu\u0161ky<\/em><\/p>\n\n\n\n<ul class=\"wp-block-list\"><li>Sejdeme se v 8:30 u klubovny odkud p\u016fjdeme na tradi\u010dn\u00ed m\u00edsto pod Petrovic\u00ed, kousek nad horn\u00ed konec, kde budeme va\u0159it v kotl\u00edc\u00edch na ohni. Ke klubovn\u011b se vr\u00e1t\u00edme nejpozd\u011bji do 16:00.<\/li><li>Sout\u011b\u017en\u00edm pokrmem leto\u0161n\u00edho XV.ro\u010dn\u00edku je Americk\u00e1 sn\u00eddan\u011b (vaj\u00ed\u010dka: m\u00edchan\u00e1 nebo omeleta, maso: slanina nebo klob\u00e1sa, pe\u010divo: l\u00edvanec).<\/li><li>Ka\u017ed\u00fd t\u00fdm mus\u00ed b\u00fdt slo\u017een z jednoho skauta a zbytek vl\u010dat a sv\u011btlu\u0161ek (max 4). V\u00edce se d\u011bti dozv\u00ed na sch\u016fzk\u00e1ch. T\u00fdmy si domluvte p\u0159edem, opravdu nespol\u00e9hejte na slo\u017een\u00ed t\u00fdmu v den akce u klubovny.<\/li><li>S sebou: dobr\u00e9 oble\u010den\u00ed a obut\u00ed, kucha\u0159sk\u00e9 n\u00e1\u010din\u00ed (mimo kotl\u00edku, ale pokud m\u00e1te sv\u016fj, klidn\u011b si ho vezm\u011bte) a v\u0161echny suroviny pot\u0159ebn\u00e9 k va\u0159en\u00ed. Na m\u00edst\u011b se nach\u00e1z\u00ed pramen, ale pr\u016ftok je mal\u00fd &#8211; doporu\u010duji si vz\u00edt i vodu.<\/li><li>Pomozte pros\u00edm d\u011btem s v\u00fdb\u011brem receptu a pokud s nimi vyzkou\u0161\u00edte i samotn\u00e9 va\u0159en\u00ed, ur\u010dit\u011b se jim n\u00e1sledn\u011b povede l\u00e9pe. Nep\u0159ipravujte jim v\u0161ak pros\u00edm v\u0161echny suroviny, aby jim sta\u010dilo jen je vysypat do kotl\u00edku. Ve\u0161ker\u00e1 \u00faprava surovin by s ur\u010dit\u00fdmi v\u00fdjimkami m\u011bla prob\u00edhat a\u017e na m\u00edst\u011b.<\/li><\/ul>\n","protected":false},"excerpt":{"rendered":"<p>sobota 11. \u00fanora 2023 skauti, skautky, vl\u010data, sv\u011btlu\u0161ky Sejdeme se v 8:30 u klubovny odkud p\u016fjdeme na tradi\u010dn\u00ed m\u00edsto pod Petrovic\u00ed, kousek nad horn\u00ed konec, kde budeme va\u0159it v kotl\u00edc\u00edch na ohni. Ke klubovn\u011b se vr\u00e1t\u00edme nejpozd\u011bji do 16:00. Sout\u011b\u017en\u00edm pokrmem leto\u0161n\u00edho XV.ro\u010dn\u00edku je Americk\u00e1 sn\u00eddan\u011b (vaj\u00ed\u010dka: m\u00edchan\u00e1 nebo omeleta, maso: slanina nebo klob\u00e1sa, pe\u010divo: [&hellip;]<\/p>\n","protected":false},"author":1,"featured_media":469,"comment_status":"open","ping_status":"open","sticky":false,"template":"","format":"standard","meta":{"footnotes":""},"categories":[1],"tags":[],"class_list":{"0":"post-468","1":"post","2":"type-post","3":"status-publish","4":"format-standard","5":"has-post-thumbnail","7":"category-nezarazene"},"_links":{"self":[{"href":"https:\/\/junak.bludov.cz\/index.php?rest_route=\/wp\/v2\/posts\/468","targetHints":{"allow":["GET"]}}],"collection":[{"href":"https:\/\/junak.bludov.cz\/index.php?rest_route=\/wp\/v2\/posts"}],"about":[{"href":"https:\/\/junak.bludov.cz\/index.php?rest_route=\/wp\/v2\/types\/post"}],"author":[{"embeddable":true,"href":"https:\/\/junak.bludov.cz\/index.php?rest_route=\/wp\/v2\/users\/1"}],"replies":[{"embeddable":true,"href":"https:\/\/junak.bludov.cz\/index.php?rest_route=%2Fwp%2Fv2%2Fcomments&post=468"}],"version-history":[{"count":1,"href":"https:\/\/junak.bludov.cz\/index.php?rest_route=\/wp\/v2\/posts\/468\/revisions"}],"predecessor-version":[{"id":470,"href":"https:\/\/junak.bludov.cz\/index.php?rest_route=\/wp\/v2\/posts\/468\/revisions\/470"}],"wp:featuredmedia":[{"embeddable":true,"href":"https:\/\/junak.bludov.cz\/index.php?rest_route=\/wp\/v2\/media\/469"}],"wp:attachment":[{"href":"https:\/\/junak.bludov.cz\/index.php?rest_route=%2Fwp%2Fv2%2Fmedia&parent=468"}],"wp:term":[{"taxonomy":"category","embeddable":true,"href":"https:\/\/junak.bludov.cz\/index.php?rest_route=%2Fwp%2Fv2%2Fcategories&post=468"},{"taxonomy":"post_tag","embeddable":true,"href":"https:\/\/junak.bludov.cz\/index.php?rest_route=%2Fwp%2Fv2%2Ftags&post=468"}],"curies":[{"name":"wp","href":"https:\/\/api.w.org\/{rel}","templated":true}]}}