{"id":493,"date":"2023-06-30T13:30:00","date_gmt":"2023-06-30T11:30:00","guid":{"rendered":"http:\/\/www.junak.bludov.cz\/?p=493"},"modified":"2023-06-03T18:23:53","modified_gmt":"2023-06-03T16:23:53","slug":"nakladani-veci-na-tatru","status":"publish","type":"post","link":"https:\/\/junak.bludov.cz\/?p=493","title":{"rendered":"Nakl\u00e1d\u00e1n\u00ed v\u011bc\u00ed na Tatru"},"content":{"rendered":"\n<p><em>p\u00e1tek 30. \u010dervna 2023<\/em><br><em>skauti, skautky, vl\u010data, sv\u011btlu\u0161ky<\/em><\/p>\n\n\n\n<ul class=\"wp-block-list\"><li>Sraz bude <strong>ve 13.30 u klubovny<\/strong>. Budeme nakl\u00e1dat v\u011bci na Tatru, kter\u00e1 je n\u00e1sledn\u011b odveze na t\u00e1bo\u0159i\u0161t\u011b. Tatru bychom m\u011bli m\u00edt nalo\u017eenou p\u0159ibli\u017en\u011b za 2 &#8211; 3 hodiny. Na t\u00e1bo\u0159i\u0161t\u011b vykl\u00e1dat, pak ji\u017e pojede nejsp\u00ed\u0161 jen veden\u00ed, p\u0159\u00edpadn\u011b je\u0161t\u011b n\u011bkdo ze <strong>skaut\u016f a skautek<\/strong> (to by zabralo p\u0159ibli\u017en\u011b dal\u0161\u00ed 3 hodiny).<\/li><li>Pros\u00edme o maxim\u00e1ln\u00ed mo\u017enou \u00fa\u010dast, zejm\u00e9na na posledn\u00edch dvou akc\u00edch. Minul\u00fd rok n\u00e1s p\u0159i\u0161lo spousta a pr\u00e1ce p\u011bkn\u011b ut\u00edkala, tak snad se skauti uk\u00e1\u017e\u00ed i letos. Vynosit to v\u0161echno v p\u00e1r lidech d\u00e1 celkem zabrat. \u010c\u00edm v\u00edc n\u00e1s je, t\u00edm rychleji a snadn\u011bji to zm\u00e1kneme.<\/li><\/ul>\n","protected":false},"excerpt":{"rendered":"<p>p\u00e1tek 30. \u010dervna 2023skauti, skautky, vl\u010data, sv\u011btlu\u0161ky Sraz bude ve 13.30 u klubovny. Budeme nakl\u00e1dat v\u011bci na Tatru, kter\u00e1 je n\u00e1sledn\u011b odveze na t\u00e1bo\u0159i\u0161t\u011b. Tatru bychom m\u011bli m\u00edt nalo\u017eenou p\u0159ibli\u017en\u011b za 2 &#8211; 3 hodiny. Na t\u00e1bo\u0159i\u0161t\u011b vykl\u00e1dat, pak ji\u017e pojede nejsp\u00ed\u0161 jen veden\u00ed, p\u0159\u00edpadn\u011b je\u0161t\u011b n\u011bkdo ze skaut\u016f a skautek (to by zabralo p\u0159ibli\u017en\u011b [&hellip;]<\/p>\n","protected":false},"author":1,"featured_media":499,"comment_status":"open","ping_status":"open","sticky":false,"template":"","format":"standard","meta":{"footnotes":""},"categories":[1],"tags":[],"class_list":{"0":"post-493","1":"post","2":"type-post","3":"status-publish","4":"format-standard","5":"has-post-thumbnail","7":"category-nezarazene"},"_links":{"self":[{"href":"https:\/\/junak.bludov.cz\/index.php?rest_route=\/wp\/v2\/posts\/493","targetHints":{"allow":["GET"]}}],"collection":[{"href":"https:\/\/junak.bludov.cz\/index.php?rest_route=\/wp\/v2\/posts"}],"about":[{"href":"https:\/\/junak.bludov.cz\/index.php?rest_route=\/wp\/v2\/types\/post"}],"author":[{"embeddable":true,"href":"https:\/\/junak.bludov.cz\/index.php?rest_route=\/wp\/v2\/users\/1"}],"replies":[{"embeddable":true,"href":"https:\/\/junak.bludov.cz\/index.php?rest_route=%2Fwp%2Fv2%2Fcomments&post=493"}],"version-history":[{"count":1,"href":"https:\/\/junak.bludov.cz\/index.php?rest_route=\/wp\/v2\/posts\/493\/revisions"}],"predecessor-version":[{"id":494,"href":"https:\/\/junak.bludov.cz\/index.php?rest_route=\/wp\/v2\/posts\/493\/revisions\/494"}],"wp:featuredmedia":[{"embeddable":true,"href":"https:\/\/junak.bludov.cz\/index.php?rest_route=\/wp\/v2\/media\/499"}],"wp:attachment":[{"href":"https:\/\/junak.bludov.cz\/index.php?rest_route=%2Fwp%2Fv2%2Fmedia&parent=493"}],"wp:term":[{"taxonomy":"category","embeddable":true,"href":"https:\/\/junak.bludov.cz\/index.php?rest_route=%2Fwp%2Fv2%2Fcategories&post=493"},{"taxonomy":"post_tag","embeddable":true,"href":"https:\/\/junak.bludov.cz\/index.php?rest_route=%2Fwp%2Fv2%2Ftags&post=493"}],"curies":[{"name":"wp","href":"https:\/\/api.w.org\/{rel}","templated":true}]}}