{"id":628,"date":"2024-05-28T14:31:50","date_gmt":"2024-05-28T12:31:50","guid":{"rendered":"http:\/\/www.junak.bludov.cz\/?p=628"},"modified":"2024-05-28T14:32:06","modified_gmt":"2024-05-28T12:32:06","slug":"od-patku-7-do-soboty-8-cervna-krajske-kolo-zvasu-vlcata-a-svetlusky","status":"publish","type":"post","link":"https:\/\/junak.bludov.cz\/?p=628","title":{"rendered":"p\u00e1tek 7. &#8211; sobota 8. \u010dervna &#8211; Krajsk\u00e9 kolo ZVaSu &#8211; vl\u010data a sv\u011btlu\u0161ky"},"content":{"rendered":"\n<p>Na\u0161e vl\u010data sv\u011btlu\u0161ky p\u0159edvedli neskute\u010dn\u00fd v\u00fdkon a k p\u0159ekvapen\u00ed v\u0161ech se um\u00edstili na postupov\u00e9m m\u00edst\u011b v okresn\u00edm kole Z\u00e1vodu vl\u010dat a sv\u011btlu\u0161ek. Dostali se tak do krajsk\u00e9ho kola, kter\u00e9 se kon\u00e1 v\u00a0<strong>Olomouci,<\/strong>\u00a0a jejich boj je\u0161t\u011b nen\u00ed u konce! Dr\u017e\u00edme jim moc p\u011bsti, a\u0165 v\u0161em uk\u00e1\u017eou, co v nich je. Proto\u017ee postoupila jenom jedna dru\u017eina, pojedou jen konkr\u00e9tn\u00ed vl\u010data a sv\u011btlu\u0161ky. D\u011bti v\u00ed, kdo jede, ale nap\u00ed\u0161u je\u0161t\u011b dan\u00fdm rodi\u010d\u016fm.\u00a0<\/p>\n\n\n\n<ul class=\"wp-block-list\"><li>Sraz bude&nbsp;<strong>v p\u00e1tek 7. 6. v 15:30 u klubovny<\/strong>, odkud p\u016fjdeme na autobus k z\u00e1jmu a potom sm\u011br Olomouc.<\/li><li><strong>S sebou:&nbsp;<\/strong>p\u00e1te\u010dn\u00ed ve\u010de\u0159i &#8211;&nbsp;<strong>n\u011bco na ope\u010den\u00ed,&nbsp;<\/strong>sva\u010dinu na cestu a na z\u00e1vod, n\u011bjakou sladkost na energii, pit\u00ed a vlastn\u00ed l\u00e1hev\/hrne\u010dek,&nbsp;<strong>kroj nebo alespo\u0148 st\u0159ediskov\u00e9 tri\u010dko<\/strong>&nbsp;(pokud nem\u00e1te, napi\u0161te mi!),&nbsp;<strong>spac\u00e1k, karimatku<\/strong>, sportovn\u00ed oble\u010den\u00ed, pl\u00e1\u0161t\u011bnku, v\u011bci na&nbsp;sch\u016fzku, men\u0161\u00edbat\u016f\u017eek na z\u00e1vod,&nbsp;<strong>150 K\u010d na dopravu,&nbsp;<\/strong>k\u0161iltovku, opalovac\u00ed kr\u00e9m.<\/li><li><strong>N\u00e1vrat&nbsp;<\/strong>bude v&nbsp;<strong>sobotu 8. 6.&nbsp;<\/strong>okolo&nbsp;<strong>19:20&nbsp;<\/strong>na Bludovsk\u00e9 vlakov\u00e9 n\u00e1dra\u017e\u00ed.<\/li><\/ul>\n","protected":false},"excerpt":{"rendered":"<p>Na\u0161e vl\u010data sv\u011btlu\u0161ky p\u0159edvedli neskute\u010dn\u00fd v\u00fdkon a k p\u0159ekvapen\u00ed v\u0161ech se um\u00edstili na postupov\u00e9m m\u00edst\u011b v okresn\u00edm kole Z\u00e1vodu vl\u010dat a sv\u011btlu\u0161ek. Dostali se tak do krajsk\u00e9ho kola, kter\u00e9 se kon\u00e1 v\u00a0Olomouci,\u00a0a jejich boj je\u0161t\u011b nen\u00ed u konce! Dr\u017e\u00edme jim moc p\u011bsti, a\u0165 v\u0161em uk\u00e1\u017eou, co v nich je. Proto\u017ee postoupila jenom jedna dru\u017eina, pojedou [&hellip;]<\/p>\n","protected":false},"author":2,"featured_media":0,"comment_status":"open","ping_status":"open","sticky":false,"template":"","format":"standard","meta":{"footnotes":""},"categories":[1],"tags":[],"class_list":{"0":"post-628","1":"post","2":"type-post","3":"status-publish","4":"format-standard","6":"category-nezarazene"},"_links":{"self":[{"href":"https:\/\/junak.bludov.cz\/index.php?rest_route=\/wp\/v2\/posts\/628","targetHints":{"allow":["GET"]}}],"collection":[{"href":"https:\/\/junak.bludov.cz\/index.php?rest_route=\/wp\/v2\/posts"}],"about":[{"href":"https:\/\/junak.bludov.cz\/index.php?rest_route=\/wp\/v2\/types\/post"}],"author":[{"embeddable":true,"href":"https:\/\/junak.bludov.cz\/index.php?rest_route=\/wp\/v2\/users\/2"}],"replies":[{"embeddable":true,"href":"https:\/\/junak.bludov.cz\/index.php?rest_route=%2Fwp%2Fv2%2Fcomments&post=628"}],"version-history":[{"count":2,"href":"https:\/\/junak.bludov.cz\/index.php?rest_route=\/wp\/v2\/posts\/628\/revisions"}],"predecessor-version":[{"id":630,"href":"https:\/\/junak.bludov.cz\/index.php?rest_route=\/wp\/v2\/posts\/628\/revisions\/630"}],"wp:attachment":[{"href":"https:\/\/junak.bludov.cz\/index.php?rest_route=%2Fwp%2Fv2%2Fmedia&parent=628"}],"wp:term":[{"taxonomy":"category","embeddable":true,"href":"https:\/\/junak.bludov.cz\/index.php?rest_route=%2Fwp%2Fv2%2Fcategories&post=628"},{"taxonomy":"post_tag","embeddable":true,"href":"https:\/\/junak.bludov.cz\/index.php?rest_route=%2Fwp%2Fv2%2Ftags&post=628"}],"curies":[{"name":"wp","href":"https:\/\/api.w.org\/{rel}","templated":true}]}}