{"id":655,"date":"2024-08-30T18:03:00","date_gmt":"2024-08-30T16:03:00","guid":{"rendered":"http:\/\/www.junak.bludov.cz\/?p=655"},"modified":"2024-08-30T17:04:49","modified_gmt":"2024-08-30T15:04:49","slug":"sobota-28-9-svatovaclavska-drakiada-vsichni","status":"publish","type":"post","link":"https:\/\/junak.bludov.cz\/?p=655","title":{"rendered":"sobota 28. 9. &#8211;\u00a0Svatov\u00e1clavsk\u00e1 draki\u00e1da\u00a0&#8211; v\u0161ichni"},"content":{"rendered":"\n<p>Na tuto ka\u017edoro\u010dn\u00ed akci si budou d\u011bti v pr\u016fb\u011bhu z\u00e1\u0159i na sch\u016fzk\u00e1ch vyr\u00e1b\u011bt draka. Ale je to akce jak pro d\u011bti, tak pro v\u00e1s. P\u0159ij\u010fte s rodinou nebo s p\u0159\u00e1teli. Zal\u00e9t\u00e1te si s drakem, kter\u00fd m\u016f\u017ee b\u00fdt jak vyr\u00e1b\u011bn\u00fd, tak kupovan\u00fd, ale vlastnoru\u010dn\u00ed v\u00fdroba se cen\u00ed a to i mo\u017enou v\u00fdhrou za nejkr\u00e1sn\u011bj\u0161\u00edho draka. Nebojte, d\u00e1 se vyhr\u00e1t spousta dal\u0161\u00edch cen i s kupovan\u00fdmi draky, jako nap\u0159.: za nejdel\u0161\u00ed let nebo za nejkrkolomn\u011bj\u0161\u00ed p\u00e1d.&nbsp;Akce bude prob\u00edhat na Brusn\u00e9.<\/p>\n\n\n\n<ul class=\"wp-block-list\"><li>Sraz bude v&nbsp;<strong>13:00 u klubovny<\/strong>, pro ty, co p\u016fjdou po vlastn\u00ed ose v&nbsp;<strong>13:30 na Brusn\u00e9&nbsp;<\/strong><\/li><li>S sebou: pit\u00ed, sva\u010dinu, vyroben\u00e9 draky na sch\u016fzk\u00e1ch, st\u0159ediskov\u00e9 tri\u010dko nebo mikinu&nbsp;<\/li><li>Prob\u011bhnou tradi\u010dn\u00ed discipl\u00edny jako nejdel\u0161\u00ed let, nekrkolomn\u011bj\u0161\u00ed p\u00e1d a pro vyroben\u00e9 draky kategorie nejkr\u00e1sn\u011bj\u0161\u00ed drak.<\/li><li>Konec bude do&nbsp;<strong>17:00&nbsp;<\/strong>hodin op\u011bt u klubovny&nbsp;<\/li><\/ul>\n","protected":false},"excerpt":{"rendered":"<p>Na tuto ka\u017edoro\u010dn\u00ed akci si budou d\u011bti v pr\u016fb\u011bhu z\u00e1\u0159i na sch\u016fzk\u00e1ch vyr\u00e1b\u011bt draka. Ale je to akce jak pro d\u011bti, tak pro v\u00e1s. P\u0159ij\u010fte s rodinou nebo s p\u0159\u00e1teli. Zal\u00e9t\u00e1te si s drakem, kter\u00fd m\u016f\u017ee b\u00fdt jak vyr\u00e1b\u011bn\u00fd, tak kupovan\u00fd, ale vlastnoru\u010dn\u00ed v\u00fdroba se cen\u00ed a to i mo\u017enou v\u00fdhrou za nejkr\u00e1sn\u011bj\u0161\u00edho draka. Nebojte, [&hellip;]<\/p>\n","protected":false},"author":2,"featured_media":0,"comment_status":"open","ping_status":"open","sticky":false,"template":"","format":"standard","meta":{"footnotes":""},"categories":[1],"tags":[],"class_list":{"0":"post-655","1":"post","2":"type-post","3":"status-publish","4":"format-standard","6":"category-nezarazene"},"_links":{"self":[{"href":"https:\/\/junak.bludov.cz\/index.php?rest_route=\/wp\/v2\/posts\/655","targetHints":{"allow":["GET"]}}],"collection":[{"href":"https:\/\/junak.bludov.cz\/index.php?rest_route=\/wp\/v2\/posts"}],"about":[{"href":"https:\/\/junak.bludov.cz\/index.php?rest_route=\/wp\/v2\/types\/post"}],"author":[{"embeddable":true,"href":"https:\/\/junak.bludov.cz\/index.php?rest_route=\/wp\/v2\/users\/2"}],"replies":[{"embeddable":true,"href":"https:\/\/junak.bludov.cz\/index.php?rest_route=%2Fwp%2Fv2%2Fcomments&post=655"}],"version-history":[{"count":1,"href":"https:\/\/junak.bludov.cz\/index.php?rest_route=\/wp\/v2\/posts\/655\/revisions"}],"predecessor-version":[{"id":656,"href":"https:\/\/junak.bludov.cz\/index.php?rest_route=\/wp\/v2\/posts\/655\/revisions\/656"}],"wp:attachment":[{"href":"https:\/\/junak.bludov.cz\/index.php?rest_route=%2Fwp%2Fv2%2Fmedia&parent=655"}],"wp:term":[{"taxonomy":"category","embeddable":true,"href":"https:\/\/junak.bludov.cz\/index.php?rest_route=%2Fwp%2Fv2%2Fcategories&post=655"},{"taxonomy":"post_tag","embeddable":true,"href":"https:\/\/junak.bludov.cz\/index.php?rest_route=%2Fwp%2Fv2%2Ftags&post=655"}],"curies":[{"name":"wp","href":"https:\/\/api.w.org\/{rel}","templated":true}]}}