{"id":668,"date":"2024-10-11T16:08:21","date_gmt":"2024-10-11T14:08:21","guid":{"rendered":"http:\/\/www.junak.bludov.cz\/?p=668"},"modified":"2024-10-11T16:08:21","modified_gmt":"2024-10-11T14:08:21","slug":"cestna-straz-k-pomniku-padlych-v-bludove-pondeli-28-10-vsichni","status":"publish","type":"post","link":"https:\/\/junak.bludov.cz\/?p=668","title":{"rendered":"\u010cestn\u00e1 str\u00e1\u017e\u00a0k pomn\u00edku padl\u00fdch v Bludov\u011b\u00a0&#8211; pond\u011bl\u00ed 28. 10.\u00a0&#8211; v\u0161ichni"},"content":{"rendered":"\n<p>M\u00e1me tu \u010dest takhle uct\u00edt pam\u00e1tku padl\u00fdch hrdin\u016f v prvn\u00ed sv\u011btov\u00e9 v\u00e1lce a v\u00fdro\u010d\u00ed vzniku samostatn\u00e9ho \u010ceskoslovenska.&nbsp;<\/p>\n\n\n\n<p>Mysl\u00edm si, \u017ee to ke skautu pat\u0159\u00ed, a douf\u00e1m, \u017ee se n\u00e1s tam setk\u00e1 co nejv\u00edc. Stejn\u011b tak V\u00e1s na druh\u00e9 stran\u011b od pomn\u00edku.&nbsp;<\/p>\n\n\n\n<ul class=\"wp-block-list\"><li>Na sebe&nbsp;<strong>skautsk\u00fd kroj!&nbsp;<\/strong>Kdo nem\u00e1, alespo\u0148 skautsk\u00e9 tri\u010dko nebo mikinu.&nbsp;<\/li><li>Sraz bude v&nbsp;<strong>16:45 u klubovny&nbsp;<\/strong>(samotn\u00e9 kladen\u00ed za\u010d\u00edn\u00e1 v 18:00, ale pot\u0159ebujeme si nacvi\u010dit n\u00e1stup)&nbsp;<\/li><li>Konec akce bude okolo&nbsp;<strong>18:30&nbsp;<\/strong>bu\u010f p\u0159\u00edmo od pomn\u00edku, pokud p\u0159ijdete. Nebo od klubovny, kde si d\u011bti mohou nechat v\u011bci.<\/li><\/ul>\n","protected":false},"excerpt":{"rendered":"<p>M\u00e1me tu \u010dest takhle uct\u00edt pam\u00e1tku padl\u00fdch hrdin\u016f v prvn\u00ed sv\u011btov\u00e9 v\u00e1lce a v\u00fdro\u010d\u00ed vzniku samostatn\u00e9ho \u010ceskoslovenska.&nbsp; Mysl\u00edm si, \u017ee to ke skautu pat\u0159\u00ed, a douf\u00e1m, \u017ee se n\u00e1s tam setk\u00e1 co nejv\u00edc. Stejn\u011b tak V\u00e1s na druh\u00e9 stran\u011b od pomn\u00edku.&nbsp; Na sebe&nbsp;skautsk\u00fd kroj!&nbsp;Kdo nem\u00e1, alespo\u0148 skautsk\u00e9 tri\u010dko nebo mikinu.&nbsp; Sraz bude v&nbsp;16:45 u klubovny&nbsp;(samotn\u00e9 [&hellip;]<\/p>\n","protected":false},"author":2,"featured_media":0,"comment_status":"open","ping_status":"open","sticky":false,"template":"","format":"standard","meta":{"footnotes":""},"categories":[1],"tags":[],"class_list":{"0":"post-668","1":"post","2":"type-post","3":"status-publish","4":"format-standard","6":"category-nezarazene"},"_links":{"self":[{"href":"https:\/\/junak.bludov.cz\/index.php?rest_route=\/wp\/v2\/posts\/668","targetHints":{"allow":["GET"]}}],"collection":[{"href":"https:\/\/junak.bludov.cz\/index.php?rest_route=\/wp\/v2\/posts"}],"about":[{"href":"https:\/\/junak.bludov.cz\/index.php?rest_route=\/wp\/v2\/types\/post"}],"author":[{"embeddable":true,"href":"https:\/\/junak.bludov.cz\/index.php?rest_route=\/wp\/v2\/users\/2"}],"replies":[{"embeddable":true,"href":"https:\/\/junak.bludov.cz\/index.php?rest_route=%2Fwp%2Fv2%2Fcomments&post=668"}],"version-history":[{"count":1,"href":"https:\/\/junak.bludov.cz\/index.php?rest_route=\/wp\/v2\/posts\/668\/revisions"}],"predecessor-version":[{"id":669,"href":"https:\/\/junak.bludov.cz\/index.php?rest_route=\/wp\/v2\/posts\/668\/revisions\/669"}],"wp:attachment":[{"href":"https:\/\/junak.bludov.cz\/index.php?rest_route=%2Fwp%2Fv2%2Fmedia&parent=668"}],"wp:term":[{"taxonomy":"category","embeddable":true,"href":"https:\/\/junak.bludov.cz\/index.php?rest_route=%2Fwp%2Fv2%2Fcategories&post=668"},{"taxonomy":"post_tag","embeddable":true,"href":"https:\/\/junak.bludov.cz\/index.php?rest_route=%2Fwp%2Fv2%2Ftags&post=668"}],"curies":[{"name":"wp","href":"https:\/\/api.w.org\/{rel}","templated":true}]}}