{"id":698,"date":"2025-02-03T13:44:28","date_gmt":"2025-02-03T12:44:28","guid":{"rendered":"http:\/\/www.junak.bludov.cz\/?p=698"},"modified":"2025-02-28T13:21:16","modified_gmt":"2025-02-28T12:21:16","slug":"chata-7-11-brezna-2025-skauti-skautky-vlcata-svetlusky","status":"publish","type":"post","link":"https:\/\/junak.bludov.cz\/?p=698","title":{"rendered":"Chata &#8211; 7. &#8211; 9. b\u0159ezna 2025 skauti, skautky, vl\u010data, sv\u011btlu\u0161ky"},"content":{"rendered":"\n<p>Vyd\u00e1me se s d\u011btmi za na\u0161imi kolegy skauty z Lesnice, kte\u0159\u00ed n\u00e1m poskytli jejich klubovnu jako \u00fato\u010di\u0161t\u011b. Prozkoum\u00e1me \u010d\u00e1st kraje, kde jsme n\u011bkte\u0159\u00ed nikdy a jin\u00ed dlouho nebyli.&nbsp;<\/p>\n\n\n\n<p>U\u017eijeme si pozorov\u00e1n\u00ed mizej\u00edc\u00ed zimy a p\u0159ich\u00e1zej\u00edc\u00edho jara. Bude n\u00e1s \u010dekat spousta her a z\u00e1bavy, ale i spolupr\u00e1ce a r\u016fst &#8211; ur\u010dit\u011b a\u0165 si d\u011bti&nbsp;<strong>vezmou stezky<\/strong>.&nbsp;<\/p>\n\n\n\n<ul class=\"wp-block-list\"><li>Sraz bude&nbsp;<strong>v p\u00e1tek 7. b\u0159ezna v 17:45&nbsp;<\/strong>u klubovny. Pojedeme autobusem do \u0160umperka a pot\u00e9 do samotn\u00e9 Lesnice.&nbsp;<\/li><li>N\u00e1vrat bude v&nbsp;<strong>ned\u011bli 9. b\u0159ezna v 17:20&nbsp;<\/strong>na&nbsp;<strong>vlakov\u00e9 n\u00e1dra\u017e\u00ed v Bludov\u011b.<\/strong><\/li><li>D\u011bti a\u0165 se sbal\u00ed&nbsp;<strong>do batohu (krosny),&nbsp;<\/strong>aby byly schopn\u00e9 odn\u00e9st svoje v\u011bci na z\u00e1dech. (Nep\u016fjdeme ale daleko.)&nbsp;<\/li><li><strong>Cena&nbsp;<\/strong>\u010din\u00ed&nbsp;<strong>400,- K\u010d&nbsp;<\/strong>a je v n\u00ed zapo\u010d\u00edt\u00e1no j\u00edzdn\u00e9 tam a zp\u011bt, ubytov\u00e1n\u00ed a j\u00eddlo. Pros\u00edm, aby m\u011bly d\u011bti n\u011bco i v minc\u00edch.&nbsp;<\/li><li>S sebou z&nbsp;<strong>j\u00eddla<\/strong>, a\u0165 ka\u017ed\u00fd vezme:&nbsp;<strong>p\u016flku chleba, 5 rohl\u00edk\u016f, balen\u00ed \u0161unky nebo sal\u00e1mu, balen\u00ed pl\u00e1tkov\u00e9ho s\u00fdra, 2 jablka a 2 ty\u010dinky.&nbsp;<\/strong><\/li><li><strong>Ve\u010de\u0159i na p\u00e1tek si ka\u017ed\u00fd veze svoji.&nbsp;<\/strong>Ned\u011bln\u00ed ob\u011bd bude zaji\u0161t\u011bn.<\/li><li>D\u00e1l bude ka\u017ed\u00fd pot\u0159ebovat:&nbsp;<strong>e\u0161us<\/strong>, hrne\u010dek, l\u017e\u00edci,&nbsp;<strong>v\u011bci na sch\u016fzku &#8211;&nbsp;<\/strong>tu\u017eku, pap\u00edr,&#8230;<strong>&nbsp;spac\u00e1k, karimatku<\/strong>, tepl\u00e9 oble\u010den\u00ed na ven i do chaty,&nbsp;<strong>p\u0159ez\u016fvky,&nbsp;<\/strong>dobrou obuv, pl\u00e1\u0161t\u011bnku, \u010depici, rukavice (podle po\u010das\u00ed) bat\u016f\u017eek na odpoledn\u00ed v\u00fdlet, l\u00e9ky (pokud n\u011bjak\u00e9 bere),&nbsp;<strong>baterku,&nbsp;<\/strong>n\u016f\u017e, hygienu (kart\u00e1\u010dek, pastu, m\u00fddlo, ru\u010dn\u00edk), stezku\/nov\u00e1\u010dka.<\/li><\/ul>\n","protected":false},"excerpt":{"rendered":"<p>Vyd\u00e1me se s d\u011btmi za na\u0161imi kolegy skauty z Lesnice, kte\u0159\u00ed n\u00e1m poskytli jejich klubovnu jako \u00fato\u010di\u0161t\u011b. Prozkoum\u00e1me \u010d\u00e1st kraje, kde jsme n\u011bkte\u0159\u00ed nikdy a jin\u00ed dlouho nebyli.&nbsp; U\u017eijeme si pozorov\u00e1n\u00ed mizej\u00edc\u00ed zimy a p\u0159ich\u00e1zej\u00edc\u00edho jara. Bude n\u00e1s \u010dekat spousta her a z\u00e1bavy, ale i spolupr\u00e1ce a r\u016fst &#8211; ur\u010dit\u011b a\u0165 si d\u011bti&nbsp;vezmou stezky.&nbsp; Sraz [&hellip;]<\/p>\n","protected":false},"author":2,"featured_media":703,"comment_status":"open","ping_status":"open","sticky":false,"template":"","format":"standard","meta":{"footnotes":""},"categories":[1],"tags":[],"class_list":{"0":"post-698","1":"post","2":"type-post","3":"status-publish","4":"format-standard","5":"has-post-thumbnail","7":"category-nezarazene"},"_links":{"self":[{"href":"https:\/\/junak.bludov.cz\/index.php?rest_route=\/wp\/v2\/posts\/698","targetHints":{"allow":["GET"]}}],"collection":[{"href":"https:\/\/junak.bludov.cz\/index.php?rest_route=\/wp\/v2\/posts"}],"about":[{"href":"https:\/\/junak.bludov.cz\/index.php?rest_route=\/wp\/v2\/types\/post"}],"author":[{"embeddable":true,"href":"https:\/\/junak.bludov.cz\/index.php?rest_route=\/wp\/v2\/users\/2"}],"replies":[{"embeddable":true,"href":"https:\/\/junak.bludov.cz\/index.php?rest_route=%2Fwp%2Fv2%2Fcomments&post=698"}],"version-history":[{"count":3,"href":"https:\/\/junak.bludov.cz\/index.php?rest_route=\/wp\/v2\/posts\/698\/revisions"}],"predecessor-version":[{"id":717,"href":"https:\/\/junak.bludov.cz\/index.php?rest_route=\/wp\/v2\/posts\/698\/revisions\/717"}],"wp:featuredmedia":[{"embeddable":true,"href":"https:\/\/junak.bludov.cz\/index.php?rest_route=\/wp\/v2\/media\/703"}],"wp:attachment":[{"href":"https:\/\/junak.bludov.cz\/index.php?rest_route=%2Fwp%2Fv2%2Fmedia&parent=698"}],"wp:term":[{"taxonomy":"category","embeddable":true,"href":"https:\/\/junak.bludov.cz\/index.php?rest_route=%2Fwp%2Fv2%2Fcategories&post=698"},{"taxonomy":"post_tag","embeddable":true,"href":"https:\/\/junak.bludov.cz\/index.php?rest_route=%2Fwp%2Fv2%2Ftags&post=698"}],"curies":[{"name":"wp","href":"https:\/\/api.w.org\/{rel}","templated":true}]}}