{"id":743,"date":"2025-05-01T16:43:01","date_gmt":"2025-05-01T14:43:01","guid":{"rendered":"http:\/\/www.junak.bludov.cz\/?p=743"},"modified":"2025-05-19T09:49:35","modified_gmt":"2025-05-19T07:49:35","slug":"brigada-sobota-17-5-2025-vsichni","status":"publish","type":"post","link":"https:\/\/junak.bludov.cz\/?p=743","title":{"rendered":"Brig\u00e1da\u00a0&#8211; sobota 17. 5. 2025\u00a0skauti a skautky\u00a0"},"content":{"rendered":"\n<p>Jako v\u0161echny materi\u00e1ln\u00ed v\u011bci na sv\u011bt\u011b i vybaven\u00ed na\u0161eho t\u00e1bora pomalu ch\u00e1tr\u00e1 a je pot\u0159eba ho obnovovat. Abychom na t\u00e1bo\u0159e m\u011bli o starost m\u00e9n\u011b, je na programu prvn\u00ed p\u0159edk\u00e1borov\u00e1 brig\u00e1da. Do odjezdu na t\u00e1bor jich prob\u011bhne je\u0161t\u011b n\u011bkolik. Je pot\u0159eba vyrobit nov\u00e9 podl\u00e1\u017eky do stan\u016f, postele do teepee a snad stihneme i n\u011bco na kuchy\u0148.&nbsp;<\/p>\n\n\n\n<p>Op\u011bt apeluju na to, aby d\u011bti opravdu p\u0159i\u0161ly. A\u0165 jsou jim vlastn\u00ed n\u00e1stroje, kter\u00e9 v d\u00edln\u011b m\u00e1me. Nejsou to moje v\u011bci nebo st\u0159ediska. Jsou to na\u0161e v\u011bci, tud\u00ed\u017e i jejich. \u010c\u00edm v\u00edc n\u00e1s p\u0159ijde, t\u00edm d\u0159\u00edv bude pr\u00e1ce hotov\u00e1. I tak je akce pl\u00e1nov\u00e1 jen na odpoledne. Proto ur\u010dit\u011b pros\u00edm star\u0161\u00ed skauty, ale i ty mlad\u0161\u00ed. P\u0159ij\u010fte. Je d\u016fle\u017eit\u00e9 pod\u00edlet se na spole\u010dn\u00e9m d\u00edle. S bl\u00ed\u017e\u00edc\u00edm se t\u00e1borem to bude v\u011bt\u0161\u00ed n\u00e1pln\u00ed ne\u017e obvykle. Ostatn\u011b i na samotn\u00e9m t\u00e1bo\u0159e. Ale je to ned\u00edln\u00e1 sou\u010d\u00e1st a d\u00e1v\u00e1 to nov\u00fd rozm\u011br z\u00e1\u017eitku.&nbsp;<\/p>\n\n\n\n<p>Mlad\u0161\u00ed d\u011bti (vl\u010data a sv\u011btlu\u0161ky), a\u0165 ur\u010dit\u011b p\u0159ijdou t\u00e9\u017e. U\u017e n\u00e1m doch\u00e1z\u00ed d\u0159evo, tuto zimu jsme je\u0161t\u011b zvl\u00e1dli, ale mus\u00edme dod\u011blat dal\u0161\u00ed. Vrhneme se spolu na d\u0159\u00edv\u00ed.&nbsp;<\/p>\n\n\n\n<ul class=\"wp-block-list\"><li><strong>Sraz<\/strong>&nbsp;bude u&nbsp;<strong>klubovny<\/strong>&nbsp;v&nbsp;<strong>13:30&nbsp;<\/strong><\/li><li>Konec v&nbsp;<strong>17:00<\/strong>&nbsp;takt\u00e9\u017e u&nbsp;<strong>klubovny. (<\/strong>Pro mlad\u0161\u00ed bude m\u00edsto up\u0159esn\u011bno, d\u0159evo je zat\u00edm jidne)<\/li><li>S sebou pracovn\u00ed oble\u010den\u00ed, pit\u00ed, n\u011bco na zakousnut\u00ed &#8211; je-li pot\u0159eba.<\/li><\/ul>\n\n\n\n<p>Posledn\u00ed akc\u00ed v kv\u011btnu bude spole\u010dn\u00e1&nbsp;<strong>Odd\u00edlov\u00e1 v\u00fdprava &#8211; sobota &nbsp;24. 5. 2025&nbsp;<\/strong><em>v\u0161ichni&nbsp;<\/em><\/p>\n\n\n\n<p>Kdy\u017e n\u00e1m skauti za\u010d\u00e1tkem m\u011bs\u00edce odjedou, aby si jich i vl\u010data a sv\u011btlu\u0161ky u\u017eili, vyd\u00e1me se spolu na celodenn\u00ed v\u00fdpravu.&nbsp;<\/p>\n\n\n\n<p>Projdeme se po okol\u00ed a hlavn\u011b nasajeme letn\u00ed lu\u010dn\u00ed atmosf\u00e9ru ve vzduchu, a\u0165 se podv\u011bdom\u011b za\u010dneme t\u011b\u0161it na t\u00e1bor (pokud se je\u0161t\u011b net\u011b\u0161\u00edme \ud83d\ude09 )&nbsp;<\/p>\n\n\n\n<ul class=\"wp-block-list\"><li>Sraz bude<strong>&nbsp;v 8:30 u klubovny&nbsp;<\/strong><\/li><li>S Sebou v\u011bci na sch\u016fzku &#8211; pap\u00edr, tu\u017eku, KPZ,\u2026, oble\u010den\u00ed na ven, n\u011bco&nbsp;<strong>na ope\u010den\u00ed na ob\u011bd,<\/strong>&nbsp;dobrou obuv (ale nemus\u00ed b\u00fdt pohorky), k\u0161iltovku, slune\u010dn\u00ed kr\u00e9m, podle po\u010das\u00ed &#8211; pl\u00e1\u0161t\u011bnku,&nbsp;<strong>dostatek<\/strong>&nbsp;<strong>pit\u00ed&nbsp;<\/strong><\/li><li>N\u00e1vrat bude&nbsp;<strong>do 17:00 ke klubovn\u011b.&nbsp;<\/strong><\/li><\/ul>\n","protected":false},"excerpt":{"rendered":"<p>Jako v\u0161echny materi\u00e1ln\u00ed v\u011bci na sv\u011bt\u011b i vybaven\u00ed na\u0161eho t\u00e1bora pomalu ch\u00e1tr\u00e1 a je pot\u0159eba ho obnovovat. Abychom na t\u00e1bo\u0159e m\u011bli o starost m\u00e9n\u011b, je na programu prvn\u00ed p\u0159edk\u00e1borov\u00e1 brig\u00e1da. Do odjezdu na t\u00e1bor jich prob\u011bhne je\u0161t\u011b n\u011bkolik. Je pot\u0159eba vyrobit nov\u00e9 podl\u00e1\u017eky do stan\u016f, postele do teepee a snad stihneme i n\u011bco na kuchy\u0148.&nbsp; [&hellip;]<\/p>\n","protected":false},"author":2,"featured_media":0,"comment_status":"open","ping_status":"open","sticky":false,"template":"","format":"standard","meta":{"footnotes":""},"categories":[1],"tags":[],"class_list":{"0":"post-743","1":"post","2":"type-post","3":"status-publish","4":"format-standard","6":"category-nezarazene"},"_links":{"self":[{"href":"https:\/\/junak.bludov.cz\/index.php?rest_route=\/wp\/v2\/posts\/743","targetHints":{"allow":["GET"]}}],"collection":[{"href":"https:\/\/junak.bludov.cz\/index.php?rest_route=\/wp\/v2\/posts"}],"about":[{"href":"https:\/\/junak.bludov.cz\/index.php?rest_route=\/wp\/v2\/types\/post"}],"author":[{"embeddable":true,"href":"https:\/\/junak.bludov.cz\/index.php?rest_route=\/wp\/v2\/users\/2"}],"replies":[{"embeddable":true,"href":"https:\/\/junak.bludov.cz\/index.php?rest_route=%2Fwp%2Fv2%2Fcomments&post=743"}],"version-history":[{"count":2,"href":"https:\/\/junak.bludov.cz\/index.php?rest_route=\/wp\/v2\/posts\/743\/revisions"}],"predecessor-version":[{"id":746,"href":"https:\/\/junak.bludov.cz\/index.php?rest_route=\/wp\/v2\/posts\/743\/revisions\/746"}],"wp:attachment":[{"href":"https:\/\/junak.bludov.cz\/index.php?rest_route=%2Fwp%2Fv2%2Fmedia&parent=743"}],"wp:term":[{"taxonomy":"category","embeddable":true,"href":"https:\/\/junak.bludov.cz\/index.php?rest_route=%2Fwp%2Fv2%2Fcategories&post=743"},{"taxonomy":"post_tag","embeddable":true,"href":"https:\/\/junak.bludov.cz\/index.php?rest_route=%2Fwp%2Fv2%2Ftags&post=743"}],"curies":[{"name":"wp","href":"https:\/\/api.w.org\/{rel}","templated":true}]}}