{"id":750,"date":"2025-06-16T09:33:23","date_gmt":"2025-06-16T07:33:23","guid":{"rendered":"http:\/\/www.junak.bludov.cz\/?p=750"},"modified":"2025-06-16T09:33:23","modified_gmt":"2025-06-16T07:33:23","slug":"krajske-kolo-svojsikova-zavodu-13-15-cervna-starsi-skauti","status":"publish","type":"post","link":"https:\/\/junak.bludov.cz\/?p=750","title":{"rendered":"krajsk\u00e9 kolo Svojs\u00edkova z\u00e1vodu 13.- 15. \u010dervna\u00a0&#8211; Star\u0161\u00ed skauti"},"content":{"rendered":"\n<p><\/p>\n\n\n\n<p>Star\u0161\u00ed skauti p\u0159edvedli skv\u011bl\u00fd v\u00fdsledek a dostali se do krajsk\u00e9ho kola. Jsem moc hrd\u00e1 na jejich reprezentaci na\u0161eho odd\u00edlu. Je to velk\u00e1 \u010dest a kr\u00e1sn\u00fd v\u00fdkon opravdu. Proto je pot\u0159eba, aby se na t\u011b\u017e\u0161\u00ed kolo pat\u0159i\u010dn\u011b &nbsp;p\u0159ipravili &#8211; minim\u00e1ln\u011b aspo\u0148 plnou \u00fa\u010dast\u00ed sv\u00e9 dru\u017einy. Byla by \u0161koda nep\u0159edv\u00e9st nic, kdy\u017e u\u017e je postup n\u011bco st\u00e1l.&nbsp;<\/p>\n\n\n\n<p>Dora\u017ete.<\/p>\n\n\n\n<p>(\u010clenov\u00e9 postupov\u00e9 dru\u017einy jsou s datem i bli\u017e\u0161\u00edmi informace sezn\u00e1meni, pro jistotu ale p\u0159ikl\u00e1d\u00e1m n\u00ed\u017e)<\/p>\n\n\n\n<ul class=\"wp-block-list\"><li><strong>Sraz<\/strong>&nbsp;v<strong>&nbsp;p\u00e1tek 13.6. v 15:00&nbsp;<\/strong>na&nbsp;<strong>Bludovsk\u00e9m n\u00e1dra\u017e\u00ed&nbsp;<\/strong><\/li><li><strong>N\u00e1vrat<\/strong>&nbsp;v ned\u011bli&nbsp;<strong>15.6.&nbsp;<\/strong>v&nbsp;<strong>16:20<\/strong>&nbsp;na&nbsp;<strong>Bludovsk\u00e9 n\u00e1dra\u017e\u00ed&nbsp;<\/strong><\/li><li>S sebou:&nbsp;<strong>350,- K\u010d v drobn\u00fdch&nbsp;<\/strong>(na vlak),&nbsp;<strong>spac\u00e1k<\/strong>, karimatku, oble\u010den\u00ed do ter\u00e9nu, e\u0161us, l\u017e\u00edci, hrnek, lahev, bat\u016f\u017eek, pokr\u00fdvku hlavy, osobn\u00ed v\u011bci, sportovn\u00ed obuv, repelent, n\u00e1hradn\u00ed oble\u010den\u00ed, d\u011blovku, osobn\u00ed hygienu, opalovac\u00ed kr\u00e9m, pl\u00e1\u0161t\u011bnku, ru\u010dn\u00edk, KPZ, den\u00edk, tu\u017eku, kompletn\u00ed&nbsp;<strong>kroj, \u0161\u00e1tek,<\/strong>&nbsp;<strong>j\u00eddlo na p\u00e1tek&nbsp;<\/strong><\/li><li>Zbytek stravy je zaji\u0161t\u011bn&nbsp;<\/li><li>Span\u00ed bude ve stanech&nbsp;<\/li><li>Doprovod dru\u017einy bude jejich r\u00e1dkyn\u011b &#8211; Jul\u010da&nbsp;<\/li><\/ul>\n","protected":false},"excerpt":{"rendered":"<p>Star\u0161\u00ed skauti p\u0159edvedli skv\u011bl\u00fd v\u00fdsledek a dostali se do krajsk\u00e9ho kola. Jsem moc hrd\u00e1 na jejich reprezentaci na\u0161eho odd\u00edlu. Je to velk\u00e1 \u010dest a kr\u00e1sn\u00fd v\u00fdkon opravdu. Proto je pot\u0159eba, aby se na t\u011b\u017e\u0161\u00ed kolo pat\u0159i\u010dn\u011b &nbsp;p\u0159ipravili &#8211; minim\u00e1ln\u011b aspo\u0148 plnou \u00fa\u010dast\u00ed sv\u00e9 dru\u017einy. Byla by \u0161koda nep\u0159edv\u00e9st nic, kdy\u017e u\u017e je postup n\u011bco st\u00e1l.&nbsp; [&hellip;]<\/p>\n","protected":false},"author":2,"featured_media":0,"comment_status":"open","ping_status":"open","sticky":false,"template":"","format":"standard","meta":{"footnotes":""},"categories":[1],"tags":[],"class_list":{"0":"post-750","1":"post","2":"type-post","3":"status-publish","4":"format-standard","6":"category-nezarazene"},"_links":{"self":[{"href":"https:\/\/junak.bludov.cz\/index.php?rest_route=\/wp\/v2\/posts\/750","targetHints":{"allow":["GET"]}}],"collection":[{"href":"https:\/\/junak.bludov.cz\/index.php?rest_route=\/wp\/v2\/posts"}],"about":[{"href":"https:\/\/junak.bludov.cz\/index.php?rest_route=\/wp\/v2\/types\/post"}],"author":[{"embeddable":true,"href":"https:\/\/junak.bludov.cz\/index.php?rest_route=\/wp\/v2\/users\/2"}],"replies":[{"embeddable":true,"href":"https:\/\/junak.bludov.cz\/index.php?rest_route=%2Fwp%2Fv2%2Fcomments&post=750"}],"version-history":[{"count":1,"href":"https:\/\/junak.bludov.cz\/index.php?rest_route=\/wp\/v2\/posts\/750\/revisions"}],"predecessor-version":[{"id":751,"href":"https:\/\/junak.bludov.cz\/index.php?rest_route=\/wp\/v2\/posts\/750\/revisions\/751"}],"wp:attachment":[{"href":"https:\/\/junak.bludov.cz\/index.php?rest_route=%2Fwp%2Fv2%2Fmedia&parent=750"}],"wp:term":[{"taxonomy":"category","embeddable":true,"href":"https:\/\/junak.bludov.cz\/index.php?rest_route=%2Fwp%2Fv2%2Fcategories&post=750"},{"taxonomy":"post_tag","embeddable":true,"href":"https:\/\/junak.bludov.cz\/index.php?rest_route=%2Fwp%2Fv2%2Ftags&post=750"}],"curies":[{"name":"wp","href":"https:\/\/api.w.org\/{rel}","templated":true}]}}