{"id":765,"date":"2025-09-01T10:13:42","date_gmt":"2025-09-01T08:13:42","guid":{"rendered":"http:\/\/www.junak.bludov.cz\/?p=765"},"modified":"2025-09-01T10:13:42","modified_gmt":"2025-09-01T08:13:42","slug":"zahajovaci-vyprava-sobota-13-9-vsichni","status":"publish","type":"post","link":"https:\/\/junak.bludov.cz\/?p=765","title":{"rendered":"Zahajovac\u00ed v\u00fdprava &#8211; sobota \u00a013.9. \u00a0v\u0161ichni"},"content":{"rendered":"\n<p>P\u016fjdeme jako cel\u00fd odd\u00edl na v\u00fdpravu, kde p\u0159iv\u00edt\u00e1me nov\u00fd rok, bude slavnostn\u00ed zahajovac\u00ed ohe\u0148, kde budou vl\u010data a sv\u011btlu\u0161ky p\u0159estupovat do skaut\u016f a skautek. Dost\u00e1vaj\u00ed se nov\u00e9 \u0161\u00e1tky, ud\u011bluj\u00ed se l\u00edstky za roky ve skautu a celkov\u011b je to d\u016fle\u017eit\u00fd spole\u010dn\u00fd\u00a0za\u010d\u00e1tek\u00a0dal\u0161\u00ed etapy.<\/p>\n\n\n\n<ul class=\"wp-block-list\"><li>Sejdeme se<strong>&nbsp;v 8:00 u klubovny<\/strong>, n\u00e1vrat bude&nbsp;pro vl\u010data a sv\u011btlu\u0161ky&nbsp;<strong>do 19:00 op\u011bt ke klubovn\u011b<\/strong><\/li><li><strong>Skauti<\/strong><strong>&nbsp;a skautky&nbsp;<\/strong>letos po ohni na m\u00edst\u011b&nbsp;<strong>p\u0159esp\u00ed<\/strong>&nbsp;do dal\u0161\u00edho dne a vr\u00e1t\u00ed se v ned\u011bli dopoledne&nbsp;<\/li><li>D\u011bti budou s sebou pot\u0159ebovat oble\u010den\u00ed na cel\u00fd den venku, podle po\u010das\u00ed pl\u00e1\u0161t\u011bnku,&nbsp;<strong>\u0161\u00e1tek<\/strong>,&nbsp;&nbsp;<strong>n\u011bco na ope\u010den\u00ed<\/strong>, j\u00eddlo a&nbsp;<strong>pit\u00ed<\/strong>&nbsp;na cel\u00fd den, v\u011bci na sch\u016fzku (pap\u00edr, tu\u017eku, KPZ,\u2026),&nbsp;<strong>skautsk\u00fd kroj!<\/strong><\/li><li><strong>Skauti<\/strong><strong>&nbsp;a skautky&nbsp;<\/strong>nav\u00edc&nbsp;v\u011bci na p\u0159esp\u00e1n\u00ed &#8211; spac\u00e1k, karimatku, (hamaku &#8211; pokud maj\u00ed), hygienu, \u2026&nbsp;<\/li><\/ul>\n","protected":false},"excerpt":{"rendered":"<p>P\u016fjdeme jako cel\u00fd odd\u00edl na v\u00fdpravu, kde p\u0159iv\u00edt\u00e1me nov\u00fd rok, bude slavnostn\u00ed zahajovac\u00ed ohe\u0148, kde budou vl\u010data a sv\u011btlu\u0161ky p\u0159estupovat do skaut\u016f a skautek. Dost\u00e1vaj\u00ed se nov\u00e9 \u0161\u00e1tky, ud\u011bluj\u00ed se l\u00edstky za roky ve skautu a celkov\u011b je to d\u016fle\u017eit\u00fd spole\u010dn\u00fd\u00a0za\u010d\u00e1tek\u00a0dal\u0161\u00ed etapy. Sejdeme se&nbsp;v 8:00 u klubovny, n\u00e1vrat bude&nbsp;pro vl\u010data a sv\u011btlu\u0161ky&nbsp;do 19:00 op\u011bt ke [&hellip;]<\/p>\n","protected":false},"author":2,"featured_media":0,"comment_status":"open","ping_status":"open","sticky":false,"template":"","format":"standard","meta":{"footnotes":""},"categories":[1],"tags":[],"class_list":{"0":"post-765","1":"post","2":"type-post","3":"status-publish","4":"format-standard","6":"category-nezarazene"},"_links":{"self":[{"href":"https:\/\/junak.bludov.cz\/index.php?rest_route=\/wp\/v2\/posts\/765","targetHints":{"allow":["GET"]}}],"collection":[{"href":"https:\/\/junak.bludov.cz\/index.php?rest_route=\/wp\/v2\/posts"}],"about":[{"href":"https:\/\/junak.bludov.cz\/index.php?rest_route=\/wp\/v2\/types\/post"}],"author":[{"embeddable":true,"href":"https:\/\/junak.bludov.cz\/index.php?rest_route=\/wp\/v2\/users\/2"}],"replies":[{"embeddable":true,"href":"https:\/\/junak.bludov.cz\/index.php?rest_route=%2Fwp%2Fv2%2Fcomments&post=765"}],"version-history":[{"count":1,"href":"https:\/\/junak.bludov.cz\/index.php?rest_route=\/wp\/v2\/posts\/765\/revisions"}],"predecessor-version":[{"id":766,"href":"https:\/\/junak.bludov.cz\/index.php?rest_route=\/wp\/v2\/posts\/765\/revisions\/766"}],"wp:attachment":[{"href":"https:\/\/junak.bludov.cz\/index.php?rest_route=%2Fwp%2Fv2%2Fmedia&parent=765"}],"wp:term":[{"taxonomy":"category","embeddable":true,"href":"https:\/\/junak.bludov.cz\/index.php?rest_route=%2Fwp%2Fv2%2Fcategories&post=765"},{"taxonomy":"post_tag","embeddable":true,"href":"https:\/\/junak.bludov.cz\/index.php?rest_route=%2Fwp%2Fv2%2Ftags&post=765"}],"curies":[{"name":"wp","href":"https:\/\/api.w.org\/{rel}","templated":true}]}}