{"id":771,"date":"2025-10-08T15:36:17","date_gmt":"2025-10-08T13:36:17","guid":{"rendered":"http:\/\/www.junak.bludov.cz\/?p=771"},"modified":"2025-10-22T19:48:23","modified_gmt":"2025-10-22T17:48:23","slug":"chata-usti-nad-orlici-patek-24-10-pondeli-27-10-vsichni","status":"publish","type":"post","link":"https:\/\/junak.bludov.cz\/?p=771","title":{"rendered":"Chata Doln\u00ed \u010cermn\u00e1 &#8211;\u00a0p\u00e1tek 24. 10. &#8211; pond\u011bl\u00ed 27. 10.\u00a0&#8211; v\u0161ichni"},"content":{"rendered":"\n<ul class=\"wp-block-list\"><li>Sejdeme se&nbsp;v<strong>&nbsp;p\u00e1tek<\/strong>&nbsp;v&nbsp;<strong>16:55 na vlakov\u00e9m n\u00e1dra\u017e\u00ed v Bludov\u011b!<\/strong><\/li><li><strong>N\u00e1vrat&nbsp;<\/strong>bude v&nbsp;<strong>pond\u011bl\u00ed<\/strong>, pokud p\u016fjde v\u0161echno dob\u0159e v 13:10 do Bludova. Pojedeme autobusem, tak\u017ee u z\u00e1mku. Kdy\u017e bude zpo\u017ed\u011bn\u00ed nebo se nestihne p\u0159estup, tak p\u0159ijedeme o hodinu pozd\u011bji. Po\u010d\u00edtejte tedy n\u00e1vrat<strong>&nbsp;13:00-14:30.<\/strong><\/li><li><strong>S sebou<\/strong>&nbsp;budou d\u011bti pot\u0159ebovat&nbsp;<strong>spac\u00e1k<\/strong>,&nbsp;<strong>karimatku<\/strong>,&nbsp;<strong>e\u0161us<\/strong>,&nbsp;<strong>hrne\u010dek<\/strong>,&nbsp;<strong>oble\u010den\u00ed na ven i do chaty, p\u0159ez\u016fvky<\/strong>, fla\u0161ku na pit\u00ed,&nbsp;<strong>men\u0161\u00ed bat\u016f\u017eek<\/strong>&nbsp;na v\u00fdlet, krosnu, do kter\u00e9 v\u0161echny v\u011bci sbal\u00ed, v\u011bci na sch\u016fzku,&nbsp;<strong>baterku<\/strong>,&nbsp;<strong>kart\u00e1\u010dek<\/strong>, pastu, v\u011bci na sch\u016fzku &#8211; tu\u017eka, blo\u010dek, stezku.<\/li><\/ul>\n\n\n\n<ul class=\"wp-block-list\"><li><strong>J\u00eddlo&nbsp;<\/strong>budou d\u011bti pot\u0159ebovat&nbsp;<strong>z vlastn\u00edch z\u00e1sob&nbsp;jenom na p\u00e1te\u010dn\u00ed ve\u010de\u0159i.<\/strong>&nbsp;V\u0161echna dal\u0161\u00ed j\u00eddla za\u0159\u00edd\u00edme my. Nen\u00ed pot\u0159eba d\u011btem d\u00e1vat potraviny na spole\u010dn\u00e1 j\u00eddla p\u0159edem, akor\u00e1t jim to zab\u00edr\u00e1 m\u00edsto v batohu atd.&nbsp;<\/li><li>Kv\u016fli t\u00e9to zm\u011bn\u011b se ale&nbsp;<strong>cena chaty<\/strong>&nbsp;zm\u011bnila na<strong>&nbsp;650,- K\u010d.&nbsp;<\/strong>&nbsp;<\/li><\/ul>\n\n\n\n<p>P\u0159ipom\u00edn\u00e1m, \u017ee hned po n\u00e1vratu z chaty prob\u011bhne v&nbsp;<strong>\u00fater\u00fd<\/strong>&nbsp;<strong>v \u00fater\u00fd 28.10<\/strong><strong>. \u010c<\/strong><strong>estn\u00e1 str\u00e1\u017e u pomn\u00edku padl\u00fdch.&nbsp;<\/strong><\/p>\n\n\n\n<p>Pros\u00edm i ty, kte\u0159\u00ed nebudou na chat\u011b, aby se neost\u00fdchali z\u00fa\u010dastnit. Je to kr\u00e1sn\u00e1 tradi\u010dn\u00ed p\u0159ipom\u00ednka. A je to pro n\u00e1s opravdu \u010dest.&nbsp;<\/p>\n\n\n\n<p>Samotn\u00fd ob\u0159ad trv\u00e1 maxim\u00e1ln\u011b 45 minut a&nbsp;za\u010dne v 18:00 u pomn\u00edku p\u0159ed \u0161kolou.&nbsp;<\/p>\n\n\n\n<ul class=\"wp-block-list\"><li>Sraz bude v\u00a0<strong>16:30\u00a0<\/strong>u klubovny, kde spolu nacvi\u010d\u00edme p\u0159\u00edchod k pomn\u00edku, dr\u017een\u00ed vlajek a sami vzty\u010d\u00edme na pam\u00e1tku v\u0161em ob\u011btem v\u00e1lky vlajku.<\/li><li>S sebou budou d\u011bti pot\u0159ebovat jenom\u00a0<strong>kompletn\u00ed skautsk\u00fd kroj<\/strong>. Kdo nem\u00e1, tak alespo\u0148 odd\u00edlovou mikinu nebo tri\u010dko.\u00a0<\/li><li>Konec bude se skon\u010den\u00edm ob\u0159adu na m\u00edst\u011b nebo u klubovny zhruba v\u00a0<strong>19:00.\u00a0<\/strong><\/li><\/ul>\n\n\n\n<p><strong>Sch\u016fzky \u0160AKAL\u016e i \u010cERN\u00ddCH VLK\u016e budou v p\u00e1tek zru\u0161eny.\u00a0<\/strong><\/p>\n","protected":false},"excerpt":{"rendered":"<p>Sejdeme se&nbsp;v&nbsp;p\u00e1tek&nbsp;v&nbsp;16:55 na vlakov\u00e9m n\u00e1dra\u017e\u00ed v Bludov\u011b! N\u00e1vrat&nbsp;bude v&nbsp;pond\u011bl\u00ed, pokud p\u016fjde v\u0161echno dob\u0159e v 13:10 do Bludova. Pojedeme autobusem, tak\u017ee u z\u00e1mku. Kdy\u017e bude zpo\u017ed\u011bn\u00ed nebo se nestihne p\u0159estup, tak p\u0159ijedeme o hodinu pozd\u011bji. Po\u010d\u00edtejte tedy n\u00e1vrat&nbsp;13:00-14:30. S sebou&nbsp;budou d\u011bti pot\u0159ebovat&nbsp;spac\u00e1k,&nbsp;karimatku,&nbsp;e\u0161us,&nbsp;hrne\u010dek,&nbsp;oble\u010den\u00ed na ven i do chaty, p\u0159ez\u016fvky, fla\u0161ku na pit\u00ed,&nbsp;men\u0161\u00ed bat\u016f\u017eek&nbsp;na v\u00fdlet, krosnu, do kter\u00e9 [&hellip;]<\/p>\n","protected":false},"author":2,"featured_media":0,"comment_status":"open","ping_status":"open","sticky":false,"template":"","format":"standard","meta":{"footnotes":""},"categories":[1],"tags":[],"class_list":{"0":"post-771","1":"post","2":"type-post","3":"status-publish","4":"format-standard","6":"category-nezarazene"},"_links":{"self":[{"href":"https:\/\/junak.bludov.cz\/index.php?rest_route=\/wp\/v2\/posts\/771","targetHints":{"allow":["GET"]}}],"collection":[{"href":"https:\/\/junak.bludov.cz\/index.php?rest_route=\/wp\/v2\/posts"}],"about":[{"href":"https:\/\/junak.bludov.cz\/index.php?rest_route=\/wp\/v2\/types\/post"}],"author":[{"embeddable":true,"href":"https:\/\/junak.bludov.cz\/index.php?rest_route=\/wp\/v2\/users\/2"}],"replies":[{"embeddable":true,"href":"https:\/\/junak.bludov.cz\/index.php?rest_route=%2Fwp%2Fv2%2Fcomments&post=771"}],"version-history":[{"count":2,"href":"https:\/\/junak.bludov.cz\/index.php?rest_route=\/wp\/v2\/posts\/771\/revisions"}],"predecessor-version":[{"id":777,"href":"https:\/\/junak.bludov.cz\/index.php?rest_route=\/wp\/v2\/posts\/771\/revisions\/777"}],"wp:attachment":[{"href":"https:\/\/junak.bludov.cz\/index.php?rest_route=%2Fwp%2Fv2%2Fmedia&parent=771"}],"wp:term":[{"taxonomy":"category","embeddable":true,"href":"https:\/\/junak.bludov.cz\/index.php?rest_route=%2Fwp%2Fv2%2Fcategories&post=771"},{"taxonomy":"post_tag","embeddable":true,"href":"https:\/\/junak.bludov.cz\/index.php?rest_route=%2Fwp%2Fv2%2Ftags&post=771"}],"curies":[{"name":"wp","href":"https:\/\/api.w.org\/{rel}","templated":true}]}}