{"id":773,"date":"2025-10-08T15:38:17","date_gmt":"2025-10-08T13:38:17","guid":{"rendered":"http:\/\/www.junak.bludov.cz\/?p=773"},"modified":"2025-10-08T15:38:17","modified_gmt":"2025-10-08T13:38:17","slug":"cestna-straz-u-pomniku-padlych-utery-28-10-vsichni","status":"publish","type":"post","link":"https:\/\/junak.bludov.cz\/?p=773","title":{"rendered":"\u010cestn\u00e1 str\u00e1\u017e u pomn\u00edku padl\u00fdch &#8211; \u00fater\u00fd 28.10 &#8211; v\u0161ichni"},"content":{"rendered":"\n<p><strong>v \u00fater\u00fd 28.10<\/strong><strong>.<\/strong>&nbsp;dr\u017eet&nbsp;\u010cestnou str\u00e1\u017e&nbsp;u pomn\u00edk\u016f padl\u00fdch.&nbsp;<em>&#8211; v\u0161ichni&nbsp;<\/em><\/p>\n\n\n\n<p>Vn\u00edm\u00e1me to jako milou povinnost a o\u010dek\u00e1v\u00e1me proto hojnou \u00fa\u010dast. Samotn\u00fd ob\u0159ad za\u010dne v 18:00 u pomn\u00edku p\u0159ed \u0161kolou.&nbsp;<\/p>\n\n\n\n<ul class=\"wp-block-list\"><li>Sraz bude v&nbsp;<strong>16:30&nbsp;<\/strong>u klubovny, kde spolu nacvi\u010d\u00edme p\u0159\u00edchod k pomn\u00edku, dr\u017een\u00ed vlajek a sami vzty\u010d\u00edme na pam\u00e1tku v\u0161em ob\u011btem v\u00e1lky vlajku.<\/li><li>S sebou budou d\u011bti pot\u0159ebovat jenom&nbsp;<strong>kompletn\u00ed skautsk\u00fd kroj<\/strong>. Kdo nem\u00e1, tak alespo\u0148 odd\u00edlovou mikinu nebo tri\u010dko.&nbsp;<\/li><li>Konec bude se skon\u010den\u00edm ob\u0159adu na m\u00edst\u011b nebo u klubovny zhruba v&nbsp;<strong>19:00.&nbsp;<\/strong><\/li><\/ul>\n","protected":false},"excerpt":{"rendered":"<p>v \u00fater\u00fd 28.10.&nbsp;dr\u017eet&nbsp;\u010cestnou str\u00e1\u017e&nbsp;u pomn\u00edk\u016f padl\u00fdch.&nbsp;&#8211; v\u0161ichni&nbsp; Vn\u00edm\u00e1me to jako milou povinnost a o\u010dek\u00e1v\u00e1me proto hojnou \u00fa\u010dast. Samotn\u00fd ob\u0159ad za\u010dne v 18:00 u pomn\u00edku p\u0159ed \u0161kolou.&nbsp; Sraz bude v&nbsp;16:30&nbsp;u klubovny, kde spolu nacvi\u010d\u00edme p\u0159\u00edchod k pomn\u00edku, dr\u017een\u00ed vlajek a sami vzty\u010d\u00edme na pam\u00e1tku v\u0161em ob\u011btem v\u00e1lky vlajku. S sebou budou d\u011bti pot\u0159ebovat jenom&nbsp;kompletn\u00ed skautsk\u00fd kroj. [&hellip;]<\/p>\n","protected":false},"author":2,"featured_media":0,"comment_status":"open","ping_status":"open","sticky":false,"template":"","format":"standard","meta":{"footnotes":""},"categories":[1],"tags":[],"class_list":{"0":"post-773","1":"post","2":"type-post","3":"status-publish","4":"format-standard","6":"category-nezarazene"},"_links":{"self":[{"href":"https:\/\/junak.bludov.cz\/index.php?rest_route=\/wp\/v2\/posts\/773","targetHints":{"allow":["GET"]}}],"collection":[{"href":"https:\/\/junak.bludov.cz\/index.php?rest_route=\/wp\/v2\/posts"}],"about":[{"href":"https:\/\/junak.bludov.cz\/index.php?rest_route=\/wp\/v2\/types\/post"}],"author":[{"embeddable":true,"href":"https:\/\/junak.bludov.cz\/index.php?rest_route=\/wp\/v2\/users\/2"}],"replies":[{"embeddable":true,"href":"https:\/\/junak.bludov.cz\/index.php?rest_route=%2Fwp%2Fv2%2Fcomments&post=773"}],"version-history":[{"count":1,"href":"https:\/\/junak.bludov.cz\/index.php?rest_route=\/wp\/v2\/posts\/773\/revisions"}],"predecessor-version":[{"id":774,"href":"https:\/\/junak.bludov.cz\/index.php?rest_route=\/wp\/v2\/posts\/773\/revisions\/774"}],"wp:attachment":[{"href":"https:\/\/junak.bludov.cz\/index.php?rest_route=%2Fwp%2Fv2%2Fmedia&parent=773"}],"wp:term":[{"taxonomy":"category","embeddable":true,"href":"https:\/\/junak.bludov.cz\/index.php?rest_route=%2Fwp%2Fv2%2Fcategories&post=773"},{"taxonomy":"post_tag","embeddable":true,"href":"https:\/\/junak.bludov.cz\/index.php?rest_route=%2Fwp%2Fv2%2Ftags&post=773"}],"curies":[{"name":"wp","href":"https:\/\/api.w.org\/{rel}","templated":true}]}}