{"id":787,"date":"2025-12-09T08:31:07","date_gmt":"2025-12-09T07:31:07","guid":{"rendered":"http:\/\/www.junak.bludov.cz\/?p=787"},"modified":"2025-12-09T08:31:07","modified_gmt":"2025-12-09T07:31:07","slug":"vanocni-besidka-spojena-s-roznosem-betlemskeho-svetla-a-to-v-utery-23-12-2025-skauti-skautky-vlcata-svetlusky","status":"publish","type":"post","link":"https:\/\/junak.bludov.cz\/?p=787","title":{"rendered":"V\u00e1no\u010dn\u00ed bes\u00eddka\u00a0spojen\u00e1 s \u00a0roznosem Betl\u00e9msk\u00e9ho sv\u011btla\u00a0\u00a0a to\u00a0v \u00fater\u00fd\u00a023. 12. 2025\u00a0-skauti, skautky, vl\u010data, sv\u011btlu\u0161ky\u00a0"},"content":{"rendered":"\n<p><strong>V\u00e1no\u010dn\u00ed bes\u00eddka<\/strong>&nbsp;spojen\u00e1 s &nbsp;<strong>roznosem Betl\u00e9msk\u00e9ho sv\u011btla&nbsp;&nbsp;<\/strong>a to&nbsp;<strong>v \u00fater\u00fd&nbsp;<\/strong><strong>23. 12. 2025&nbsp;<\/strong>&#8211;<em>skauti, skautky, vl\u010data, sv\u011btlu\u0161ky&nbsp;<\/em><\/p>\n\n\n\n<ul class=\"wp-block-list\"><li>Sraz bude v&nbsp;<strong>13:00 u klubovny.&nbsp;<\/strong>Nejprve rozneseme Betl\u00e9msk\u00e9 sv\u011btlo v\u0161em, kte\u0159\u00ed si pro n\u011bj nem\u016f\u017eou p\u0159ij\u00edt sami.<\/li><li>S sebou&nbsp;<strong>tepl\u00e9 oble\u010den\u00ed,&nbsp;<\/strong>kv\u016fli chozen\u00ed po Bludov\u011b.&nbsp;<\/li><li>Po rozn\u00e1\u0161en\u00ed sv\u011btla, nav\u00e1\u017eeme v 15:00 samotnou bes\u00eddkou.&nbsp;V<strong>\u0161ichni donesou 2 d\u00e1rky. Jeden vlastnoru\u010dn\u011b vyr\u00e1b\u011bn\u00fd&nbsp;&#8211; (<\/strong>m\u016f\u017ee j\u00edt opravdu o cokoli), kter\u00fd dostane jednotlivec. A&nbsp;<strong>druh\u00fd pro klubovnu.&nbsp;<\/strong>Ten ji\u017e m\u016f\u017ee b\u00fdt zakoupen\u00fd. (Pros\u00edm, a\u0165 to nejsou \u017e\u00e1dn\u00e9 drah\u00e9 v\u011bci, ale ide\u00e1ln\u011b n\u011bco, co d\u011bti na sch\u016fzk\u00e1ch vyu\u017eij\u00ed.) D\u00e1rky nijak neozna\u010dujte, budeme na n\u011b lepit \u010d\u00edsla a vz\u00e1p\u011bt\u00ed je losovat.&nbsp;<\/li><li>Budeme zp\u00edvat koledy, kdo m\u00e1, m\u016f\u017ee si don\u00e9st sv\u016fj hudebn\u00ed n\u00e1stroj. &nbsp;A kdo bude cht\u00edt, m\u016f\u017ee se pod\u011blit o svoje v\u00e1no\u010dn\u00ed cukrov\u00ed a zp\u0159\u00edjemnit n\u00e1m t\u00edm spole\u010dn\u00fd \u010das. (Klidn\u011b d\u011btem nachystejte p\u00e1r vzork\u016f do krabi\u010dky, nech\u00e1v\u00e1me je kolovat)<\/li><li>Kdo m\u00e1, a\u0165 p\u0159ijde v&nbsp;<strong>kroji.&nbsp;<\/strong><\/li><li>Konec bes\u00eddky bude op\u011bt v&nbsp;<strong>17:00.<\/strong><\/li><\/ul>\n\n\n\n<p>Na roznos betl\u00e9msk\u00e9ho sv\u011btla nebude od v\u011bci p\u0159in\u00e9st lucerni\u010dku, kdo m\u00e1, nebo kdo by si cht\u011bl sv\u011btlo odn\u00e9st dom\u016f.&nbsp;<\/p>\n\n\n\n<p><strong>Apeluju na p\u0159\u00edchod opravdu ve stanoven\u00fd \u010das a to 13:00 &#8211;<\/strong>&nbsp;zdob\u00edme spolu klubovnu a rozn\u00e1\u0161\u00edme sv\u011btlo. Kdy\u017e p\u0159ijde m\u00e1lo d\u011bt\u00ed, rozn\u00e1\u0161\u00edme to zbyte\u010dn\u011b dlouho. Ostatn\u00ed nemaj\u00ed co d\u011blat v klubovn\u011b a t\u011bch m\u00e1lo mrzne venku&#8230; Je to mil\u00e1 slu\u017eba lidem v na\u0161\u00ed obci, kte\u0159\u00ed si pro sv\u011btlo nemohou doj\u00edt. Mysl\u00edm, \u017ee nen\u00ed lep\u0161\u00ed \u010das ne\u017e adventn\u00ed pro to, ud\u011blat pro ostatn\u00ed takovou milou v\u011bc. D\u011bkuju&nbsp;<\/p>\n","protected":false},"excerpt":{"rendered":"<p>V\u00e1no\u010dn\u00ed bes\u00eddka&nbsp;spojen\u00e1 s &nbsp;roznosem Betl\u00e9msk\u00e9ho sv\u011btla&nbsp;&nbsp;a to&nbsp;v \u00fater\u00fd&nbsp;23. 12. 2025&nbsp;&#8211;skauti, skautky, vl\u010data, sv\u011btlu\u0161ky&nbsp; Sraz bude v&nbsp;13:00 u klubovny.&nbsp;Nejprve rozneseme Betl\u00e9msk\u00e9 sv\u011btlo v\u0161em, kte\u0159\u00ed si pro n\u011bj nem\u016f\u017eou p\u0159ij\u00edt sami. S sebou&nbsp;tepl\u00e9 oble\u010den\u00ed,&nbsp;kv\u016fli chozen\u00ed po Bludov\u011b.&nbsp; Po rozn\u00e1\u0161en\u00ed sv\u011btla, nav\u00e1\u017eeme v 15:00 samotnou bes\u00eddkou.&nbsp;V\u0161ichni donesou 2 d\u00e1rky. Jeden vlastnoru\u010dn\u011b vyr\u00e1b\u011bn\u00fd&nbsp;&#8211; (m\u016f\u017ee j\u00edt opravdu o cokoli), kter\u00fd [&hellip;]<\/p>\n","protected":false},"author":2,"featured_media":788,"comment_status":"open","ping_status":"open","sticky":false,"template":"","format":"standard","meta":{"footnotes":""},"categories":[1],"tags":[],"class_list":{"0":"post-787","1":"post","2":"type-post","3":"status-publish","4":"format-standard","5":"has-post-thumbnail","7":"category-nezarazene"},"_links":{"self":[{"href":"https:\/\/junak.bludov.cz\/index.php?rest_route=\/wp\/v2\/posts\/787","targetHints":{"allow":["GET"]}}],"collection":[{"href":"https:\/\/junak.bludov.cz\/index.php?rest_route=\/wp\/v2\/posts"}],"about":[{"href":"https:\/\/junak.bludov.cz\/index.php?rest_route=\/wp\/v2\/types\/post"}],"author":[{"embeddable":true,"href":"https:\/\/junak.bludov.cz\/index.php?rest_route=\/wp\/v2\/users\/2"}],"replies":[{"embeddable":true,"href":"https:\/\/junak.bludov.cz\/index.php?rest_route=%2Fwp%2Fv2%2Fcomments&post=787"}],"version-history":[{"count":1,"href":"https:\/\/junak.bludov.cz\/index.php?rest_route=\/wp\/v2\/posts\/787\/revisions"}],"predecessor-version":[{"id":789,"href":"https:\/\/junak.bludov.cz\/index.php?rest_route=\/wp\/v2\/posts\/787\/revisions\/789"}],"wp:featuredmedia":[{"embeddable":true,"href":"https:\/\/junak.bludov.cz\/index.php?rest_route=\/wp\/v2\/media\/788"}],"wp:attachment":[{"href":"https:\/\/junak.bludov.cz\/index.php?rest_route=%2Fwp%2Fv2%2Fmedia&parent=787"}],"wp:term":[{"taxonomy":"category","embeddable":true,"href":"https:\/\/junak.bludov.cz\/index.php?rest_route=%2Fwp%2Fv2%2Fcategories&post=787"},{"taxonomy":"post_tag","embeddable":true,"href":"https:\/\/junak.bludov.cz\/index.php?rest_route=%2Fwp%2Fv2%2Ftags&post=787"}],"curies":[{"name":"wp","href":"https:\/\/api.w.org\/{rel}","templated":true}]}}