{"id":790,"date":"2025-12-09T08:32:34","date_gmt":"2025-12-09T07:32:34","guid":{"rendered":"http:\/\/www.junak.bludov.cz\/?p=790"},"modified":"2025-12-09T08:32:34","modified_gmt":"2025-12-09T07:32:34","slug":"trikralova-sbirka-v-sobotu-10-ledna-2026-skauti-skautky-vlcata-svetlusky","status":"publish","type":"post","link":"https:\/\/junak.bludov.cz\/?p=790","title":{"rendered":"T\u0159\u00edkr\u00e1lov\u00e1 sb\u00edrka &#8211; v sobotu 10. ledna 2026\u00a0&#8211;\u00a0skauti, skautky, vl\u010data, sv\u011btlu\u0161ky"},"content":{"rendered":"\n<ul class=\"wp-block-list\"><li>Sraz bude v&nbsp;<strong>8:00 u klubovny.&nbsp;<\/strong>&nbsp;Budeme vr\u00e1mci celorepublikov\u00e9 sb\u00edrky pod z\u00e1\u0161titou Charity vyb\u00edrat pen\u00edze na pot\u0159ebn\u00e9 v na\u0161em okol\u00ed.&nbsp;<\/li><li>S sebou budou d\u011bti pot\u0159ebovat&nbsp;<strong>&nbsp;tepl\u00e9 oble\u010den\u00ed&nbsp;<\/strong>na cel\u00fd den venku, na &nbsp;to&nbsp;<strong>&nbsp;t\u0159\u00edkr\u00e1lov\u00fd oblek s korunou&nbsp;<\/strong>(\u00fapln\u011b dosta\u010duj\u00edc\u00ed je b\u00edle prost\u011bradlo a pap\u00edrov\u00e1 koruna, nejhez\u010d\u00ed kost\u00fdm ov\u0161em z\u00edsk\u00e1 malou sladkou odm\u011bnu). D\u00e1le je vhodn\u00e9 s sebou m\u00edt&nbsp;<strong>sva\u010dinu a pit\u00ed&nbsp;<\/strong>(nejl\u00e9pe \u010daj v termosce).<\/li><li>Kdo m\u00e1 hudebn\u00ed n\u00e1stroj &#8211; fl\u00e9tnu &#8211; a cht\u011bl by svoje koledov\u00e1n\u00ed posunout o level v\u00fd\u0161, m\u016f\u017ee don\u00e9st a doprov\u00e1zet zp\u011bv\u00e1ky.<\/li><li>Konec akce bude z\u00e1le\u017eet na po\u010dtu skupin. \u010c\u00edm v\u00edc n\u00e1s bude, t\u00edm rychleji skon\u010d\u00edme. V\u011bt\u0161inou kon\u010d\u00edme mezi 12:00 a 13:00. Nejpozd\u011bji do 14:00.&nbsp;<\/li><\/ul>\n\n\n\n<p>Pros\u00edm, aby d\u011bti opravdu p\u0159i\u0161ly v kost\u00fdmu. Nejpropracovan\u011bj\u0161\u00ed kost\u00fdm bude ocen\u011bn.&nbsp;<\/p>\n\n\n\n<p>I zde apeluju na \u00fa\u010dast. Je to velk\u00fd dobr\u00fd skutek a mysl\u00edm, \u017ee ide\u00e1ln\u00ed rozjezd nov\u00e9ho roku &#8211; takovou slu\u017ebou.<\/p>\n","protected":false},"excerpt":{"rendered":"<p>Sraz bude v&nbsp;8:00 u klubovny.&nbsp;&nbsp;Budeme vr\u00e1mci celorepublikov\u00e9 sb\u00edrky pod z\u00e1\u0161titou Charity vyb\u00edrat pen\u00edze na pot\u0159ebn\u00e9 v na\u0161em okol\u00ed.&nbsp; S sebou budou d\u011bti pot\u0159ebovat&nbsp;&nbsp;tepl\u00e9 oble\u010den\u00ed&nbsp;na cel\u00fd den venku, na &nbsp;to&nbsp;&nbsp;t\u0159\u00edkr\u00e1lov\u00fd oblek s korunou&nbsp;(\u00fapln\u011b dosta\u010duj\u00edc\u00ed je b\u00edle prost\u011bradlo a pap\u00edrov\u00e1 koruna, nejhez\u010d\u00ed kost\u00fdm ov\u0161em z\u00edsk\u00e1 malou sladkou odm\u011bnu). D\u00e1le je vhodn\u00e9 s sebou m\u00edt&nbsp;sva\u010dinu a pit\u00ed&nbsp;(nejl\u00e9pe \u010daj [&hellip;]<\/p>\n","protected":false},"author":2,"featured_media":792,"comment_status":"open","ping_status":"open","sticky":false,"template":"","format":"standard","meta":{"footnotes":""},"categories":[1],"tags":[],"class_list":{"0":"post-790","1":"post","2":"type-post","3":"status-publish","4":"format-standard","5":"has-post-thumbnail","7":"category-nezarazene"},"_links":{"self":[{"href":"https:\/\/junak.bludov.cz\/index.php?rest_route=\/wp\/v2\/posts\/790","targetHints":{"allow":["GET"]}}],"collection":[{"href":"https:\/\/junak.bludov.cz\/index.php?rest_route=\/wp\/v2\/posts"}],"about":[{"href":"https:\/\/junak.bludov.cz\/index.php?rest_route=\/wp\/v2\/types\/post"}],"author":[{"embeddable":true,"href":"https:\/\/junak.bludov.cz\/index.php?rest_route=\/wp\/v2\/users\/2"}],"replies":[{"embeddable":true,"href":"https:\/\/junak.bludov.cz\/index.php?rest_route=%2Fwp%2Fv2%2Fcomments&post=790"}],"version-history":[{"count":1,"href":"https:\/\/junak.bludov.cz\/index.php?rest_route=\/wp\/v2\/posts\/790\/revisions"}],"predecessor-version":[{"id":793,"href":"https:\/\/junak.bludov.cz\/index.php?rest_route=\/wp\/v2\/posts\/790\/revisions\/793"}],"wp:featuredmedia":[{"embeddable":true,"href":"https:\/\/junak.bludov.cz\/index.php?rest_route=\/wp\/v2\/media\/792"}],"wp:attachment":[{"href":"https:\/\/junak.bludov.cz\/index.php?rest_route=%2Fwp%2Fv2%2Fmedia&parent=790"}],"wp:term":[{"taxonomy":"category","embeddable":true,"href":"https:\/\/junak.bludov.cz\/index.php?rest_route=%2Fwp%2Fv2%2Fcategories&post=790"},{"taxonomy":"post_tag","embeddable":true,"href":"https:\/\/junak.bludov.cz\/index.php?rest_route=%2Fwp%2Fv2%2Ftags&post=790"}],"curies":[{"name":"wp","href":"https:\/\/api.w.org\/{rel}","templated":true}]}}