{"id":830,"date":"2026-03-07T06:35:18","date_gmt":"2026-03-07T05:35:18","guid":{"rendered":"https:\/\/junak.bludov.cz\/?p=830"},"modified":"2026-03-07T06:35:18","modified_gmt":"2026-03-07T05:35:18","slug":"jarni-uklid-kluboven-sobota-14-3-2026-vsichni","status":"publish","type":"post","link":"https:\/\/junak.bludov.cz\/?p=830","title":{"rendered":"Jarn\u00ed \u00faklid kluboven &#8211; sobota 14.3. 2026\u00a0&#8211; v\u0161ichni\u00a0"},"content":{"rendered":"\n<p>Ur\u010dit\u011b i doma d\u011bl\u00e1te p\u00e1rkr\u00e1t za rok velk\u00fd \u00faklid. My s d\u011btmi b\u011b\u017en\u011b ukl\u00edz\u00edme klubovnu po ka\u017ed\u00e9 sch\u016fzce,. Klubovna je toti\u017e n\u00e1\u0161 spole\u010dn\u00fd prostor. Hodn\u011b lp\u00edme na tom, \u017ee nejsme jen volno\u010dasov\u00fd krou\u017eek, ale opravdu v\u00fdchovn\u00e9 hnut\u00ed a sna\u017e\u00edme se d\u011bti dlouhodob\u011b n\u011bkam v\u00e9st a sm\u011b\u0159ovat. Proto je pot\u0159eba, aby se \u00fa\u010dastnily i akc\u00ed tohoto r\u00e1zu, kde spolu tvo\u0159\u00edme a budujeme i jin\u00e9 hodnoty ne\u017e jen dobrodru\u017estv\u00ed.&nbsp;<\/p>\n\n\n\n<p>Kladu proto d\u016fraz na \u00fa\u010dast. Obecn\u011b. Na v\u0161ech akc\u00edch. A obzvl\u00e1\u0161\u0165 t\u011bchto.&nbsp;<\/p>\n\n\n\n<p>S bl\u00ed\u017e\u00edc\u00edm se l\u00e9tem a t\u00e1borem n\u00e1s budou \u010dekat r\u016fzn\u00e9 p\u0159\u00edpravy a brig\u00e1dy. Na\u0161\u00edm c\u00edlem je, aby byly d\u011bti v\u0161estrann\u00e9, &nbsp;ne\u0161t\u00edtily se pr\u00e1ce a um\u011bly p\u0159ilo\u017eit ruku k d\u00edlu. Nejl\u00e9pe m\u011bly chu\u0165 se zapojit. Vid\u00edme i, \u017ee pak maj\u00ed\/ m\u00e1me mnohem v\u011bt\u0161\u00ed radost, pokud n\u011bco dok\u00e1\u017eeme spole\u010dn\u011b.&nbsp;<\/p>\n\n\n\n<ul class=\"wp-block-list\">\n<li>Sraz bude v\u00a0<strong>8:30 u klubovny\u00a0<\/strong><\/li>\n\n\n\n<li>Ka\u017ed\u00fd a\u0165 si vezme s sebou pohodln\u00e9 oble\u010den\u00ed, kter\u00e9 nevad\u00ed, kdy\u017e si u\u0161pin\u00ed, hadru, kdo bude cht\u00edt, tak kybl\u00edk, v\u011bci na sch\u016fzku, pit\u00ed\u00a0<\/li>\n\n\n\n<li>Kon\u010dit budeme okolo ob\u011bda do 13:00 hodin u klubovny\u00a0<\/li>\n\n\n\n<li>\u010c\u00edm v\u00edc n\u00e1s p\u0159ijde, t\u00edm d\u0159\u00edv bude hotovo.\u00a0<\/li>\n<\/ul>\n","protected":false},"excerpt":{"rendered":"<p>Ur\u010dit\u011b i doma d\u011bl\u00e1te p\u00e1rkr\u00e1t za rok velk\u00fd \u00faklid. My s d\u011btmi b\u011b\u017en\u011b ukl\u00edz\u00edme klubovnu po ka\u017ed\u00e9 sch\u016fzce,. Klubovna je toti\u017e n\u00e1\u0161 spole\u010dn\u00fd prostor. Hodn\u011b lp\u00edme na tom, \u017ee nejsme jen volno\u010dasov\u00fd krou\u017eek, ale opravdu v\u00fdchovn\u00e9 hnut\u00ed a sna\u017e\u00edme se d\u011bti dlouhodob\u011b n\u011bkam v\u00e9st a sm\u011b\u0159ovat. Proto je pot\u0159eba, aby se \u00fa\u010dastnily i akc\u00ed tohoto [&hellip;]<\/p>\n","protected":false},"author":2,"featured_media":0,"comment_status":"open","ping_status":"open","sticky":false,"template":"","format":"standard","meta":{"footnotes":""},"categories":[1],"tags":[],"class_list":{"0":"post-830","1":"post","2":"type-post","3":"status-publish","4":"format-standard","6":"category-nezarazene"},"_links":{"self":[{"href":"https:\/\/junak.bludov.cz\/index.php?rest_route=\/wp\/v2\/posts\/830","targetHints":{"allow":["GET"]}}],"collection":[{"href":"https:\/\/junak.bludov.cz\/index.php?rest_route=\/wp\/v2\/posts"}],"about":[{"href":"https:\/\/junak.bludov.cz\/index.php?rest_route=\/wp\/v2\/types\/post"}],"author":[{"embeddable":true,"href":"https:\/\/junak.bludov.cz\/index.php?rest_route=\/wp\/v2\/users\/2"}],"replies":[{"embeddable":true,"href":"https:\/\/junak.bludov.cz\/index.php?rest_route=%2Fwp%2Fv2%2Fcomments&post=830"}],"version-history":[{"count":1,"href":"https:\/\/junak.bludov.cz\/index.php?rest_route=\/wp\/v2\/posts\/830\/revisions"}],"predecessor-version":[{"id":831,"href":"https:\/\/junak.bludov.cz\/index.php?rest_route=\/wp\/v2\/posts\/830\/revisions\/831"}],"wp:attachment":[{"href":"https:\/\/junak.bludov.cz\/index.php?rest_route=%2Fwp%2Fv2%2Fmedia&parent=830"}],"wp:term":[{"taxonomy":"category","embeddable":true,"href":"https:\/\/junak.bludov.cz\/index.php?rest_route=%2Fwp%2Fv2%2Fcategories&post=830"},{"taxonomy":"post_tag","embeddable":true,"href":"https:\/\/junak.bludov.cz\/index.php?rest_route=%2Fwp%2Fv2%2Ftags&post=830"}],"curies":[{"name":"wp","href":"https:\/\/api.w.org\/{rel}","templated":true}]}}