{"id":846,"date":"2026-04-10T12:25:23","date_gmt":"2026-04-10T10:25:23","guid":{"rendered":"https:\/\/junak.bludov.cz\/?p=846"},"modified":"2026-04-10T12:26:21","modified_gmt":"2026-04-10T10:26:21","slug":"oslavy-80-let-jesenicke-lesni-skoly-25-4-2026","status":"publish","type":"post","link":"https:\/\/junak.bludov.cz\/?p=846","title":{"rendered":"oslavy 80. let Jesenick\u00e9 lesn\u00ed \u0161koly &#8211; 25.4. 2026"},"content":{"rendered":"\n<p>V Bludov\u011b se&nbsp;<strong>25.4. 2026<\/strong>&nbsp;chystaj\u00ed&nbsp;<strong>oslavy 80. let Jesenick\u00e9 lesn\u00ed \u0161koly<\/strong>,&nbsp;co\u017e je vzd\u011bl\u00e1vac\u00ed kurz, kter\u00fdm pro\u0161lo praktici&nbsp;cel\u00e9 na\u0161e veden\u00e9, a kter\u00fd u\u017e dlouh\u00e1 l\u00e9ta vede n\u00e1\u0161 br. Je\u017eek &#8211; Stanislav Bal\u00edk. K t\u00e9to u\u017e tak velk\u00e9 ud\u00e1losti se ale p\u0159idala je\u0161t\u011b jedna, dokonce v\u011bt\u0161\u00ed. Je\u017ekovi bude p\u0159i t\u00e9to p\u0159\u00edle\u017eitosti p\u0159ed\u00e1no nejvy\u0161\u0161\u00ed \u010desk\u00e9 skautsk\u00e9 vyznamen\u00e1n\u00ed pro mu\u017ee &#8211; \u0158\u00e1d st\u0159\u00edbrn\u00e9ho vlka. Je ud\u011blov\u00e1no za mimo\u0159\u00e1dn\u00fd celo\u017eivotn\u00ed p\u0159\u00ednos skautingu&nbsp;s&nbsp;celost\u00e1tn\u00edm dopadem, z\u00e1sluhy o&nbsp;rozvoj a&nbsp;\u0161\u00ed\u0159en\u00ed skautsk\u00fdch my\u0161lenek a&nbsp;dlouholetou slu\u017ebu ve skautsk\u00e9m hnut\u00ed. M\u00e1 jej maxim\u00e1ln\u011b 12&nbsp;\u017eij\u00edc\u00edch nositel\u016f. Velk\u00e1&nbsp;\u010d\u00e1st na\u0161ich \u010dlen\u016f se t\u011bchto oslav bude \u00fa\u010dastnit a cht\u011bla jsem pozvat i V\u00e1s, kte\u0159\u00ed Je\u017eka osobn\u011b zn\u00e1te nebo si jen (,tak jako my) v\u00e1\u017e\u00edte jeho pr\u00e1ce a p\u0159\u00ednosu nejen skautsk\u00e9mu hnut\u00ed, abyste se p\u0159i\u0161li pod\u00edvat nebo se z\u00fa\u010dastnit cel\u00e9ho dne nebo jen n\u011bjak\u00e9 \u010d\u00e1sti. Nemus\u00edte nic vypl\u0148ovat, sta\u010d\u00ed kdy\u017e prost\u011b p\u0159ijdete. V p\u0159\u00edloze V\u00e1m po\u0161lu let\u00e1\u010dek s programem a douf\u00e1m, \u017ee se uvid\u00edm s d\u011btmi a t\u011bmi z V\u00e1s, kter\u00e9 to zaujalo a cht\u011bli by dorazit.&nbsp;<\/p>\n\n\n\n<p>Mysl\u00edm si, \u017ee je v\u00fdjime\u010dn\u00e9, \u017ee \u010dlov\u011bka jako Je\u017eka m\u00e1me po\u0159\u00e1d t\u00e9m\u011b\u0159 v aktivn\u00edm veden\u00ed &#8211; jezd\u00ed s n\u00e1mi ka\u017ed\u00fd rok na t\u00e1bor, i kdy\u017e m\u00e1 vlastn\u00edch aktivit nad hlavu &#8211; a bude moc hezk\u00e9, kdy\u017e ho jeho dom\u00e1c\u00ed odd\u00edl p\u0159ijde podpo\u0159it.&nbsp;<\/p>\n\n\n\n<p><\/p>\n","protected":false},"excerpt":{"rendered":"<p>V Bludov\u011b se&nbsp;25.4. 2026&nbsp;chystaj\u00ed&nbsp;oslavy 80. let Jesenick\u00e9 lesn\u00ed \u0161koly,&nbsp;co\u017e je vzd\u011bl\u00e1vac\u00ed kurz, kter\u00fdm pro\u0161lo praktici&nbsp;cel\u00e9 na\u0161e veden\u00e9, a kter\u00fd u\u017e dlouh\u00e1 l\u00e9ta vede n\u00e1\u0161 br. Je\u017eek &#8211; Stanislav Bal\u00edk. K t\u00e9to u\u017e tak velk\u00e9 ud\u00e1losti se ale p\u0159idala je\u0161t\u011b jedna, dokonce v\u011bt\u0161\u00ed. Je\u017ekovi bude p\u0159i t\u00e9to p\u0159\u00edle\u017eitosti p\u0159ed\u00e1no nejvy\u0161\u0161\u00ed \u010desk\u00e9 skautsk\u00e9 vyznamen\u00e1n\u00ed pro mu\u017ee &#8211; [&hellip;]<\/p>\n","protected":false},"author":2,"featured_media":848,"comment_status":"open","ping_status":"open","sticky":false,"template":"","format":"standard","meta":{"footnotes":""},"categories":[1],"tags":[],"class_list":{"0":"post-846","1":"post","2":"type-post","3":"status-publish","4":"format-standard","5":"has-post-thumbnail","7":"category-nezarazene"},"_links":{"self":[{"href":"https:\/\/junak.bludov.cz\/index.php?rest_route=\/wp\/v2\/posts\/846","targetHints":{"allow":["GET"]}}],"collection":[{"href":"https:\/\/junak.bludov.cz\/index.php?rest_route=\/wp\/v2\/posts"}],"about":[{"href":"https:\/\/junak.bludov.cz\/index.php?rest_route=\/wp\/v2\/types\/post"}],"author":[{"embeddable":true,"href":"https:\/\/junak.bludov.cz\/index.php?rest_route=\/wp\/v2\/users\/2"}],"replies":[{"embeddable":true,"href":"https:\/\/junak.bludov.cz\/index.php?rest_route=%2Fwp%2Fv2%2Fcomments&post=846"}],"version-history":[{"count":1,"href":"https:\/\/junak.bludov.cz\/index.php?rest_route=\/wp\/v2\/posts\/846\/revisions"}],"predecessor-version":[{"id":847,"href":"https:\/\/junak.bludov.cz\/index.php?rest_route=\/wp\/v2\/posts\/846\/revisions\/847"}],"wp:featuredmedia":[{"embeddable":true,"href":"https:\/\/junak.bludov.cz\/index.php?rest_route=\/wp\/v2\/media\/848"}],"wp:attachment":[{"href":"https:\/\/junak.bludov.cz\/index.php?rest_route=%2Fwp%2Fv2%2Fmedia&parent=846"}],"wp:term":[{"taxonomy":"category","embeddable":true,"href":"https:\/\/junak.bludov.cz\/index.php?rest_route=%2Fwp%2Fv2%2Fcategories&post=846"},{"taxonomy":"post_tag","embeddable":true,"href":"https:\/\/junak.bludov.cz\/index.php?rest_route=%2Fwp%2Fv2%2Ftags&post=846"}],"curies":[{"name":"wp","href":"https:\/\/api.w.org\/{rel}","templated":true}]}}